{"id":230514,"date":"2021-03-18T13:29:18","date_gmt":"2021-03-18T11:29:18","guid":{"rendered":"http:\/\/107.6.182.27\/tr\/?p=230514"},"modified":"2021-03-20T08:28:19","modified_gmt":"2021-03-20T06:28:19","slug":"dsg-milisleri-el-seddadi-kentinden-birkac-genci-kacirdi-2","status":"publish","type":"post","link":"https:\/\/archive.sana.sy\/tr\/?p=230514","title":{"rendered":"DSG Milisleri El \u015eeddadi Kentinden Birka\u00e7 Genci Ka\u00e7\u0131rd\u0131"},"content":{"rendered":"<p>HASEKE \u2013 \u0130\u015fgalci Amerikan g\u00fc\u00e7leri taraf\u0131ndan desteklenen \u201cDSG\u201d milisleri, Haseke k\u0131rsal\u0131n\u0131n g\u00fcneyinde yer alan el \u015eeddadi kenti \u00e7evresinden birka\u00e7 genci ka\u00e7\u0131rd\u0131.<\/p>\n<p>Yerel kaynaklar SANA muhabirine, \u201cDSG\u201d milislerinden silahl\u0131 gruplar\u0131n, el \u015eeddadi kentinin do\u011fusundaki el \u011eaz yolunda kontrol noktalar\u0131 kurduklar\u0131n\u0131 belirtirken, birka\u00e7 genci ka\u00e7\u0131rd\u0131\u011f\u0131na i\u015faret etti.<\/p>\n<p>Kaynaklar, milislerin, ka\u00e7\u0131rd\u0131klar\u0131 gen\u00e7lerin saflar\u0131nda sava\u015fmaya zorlamak i\u00e7in e\u011fitim kamplar\u0131na g\u00f6t\u00fcrd\u00fc\u011f\u00fcne dikkat \u00e7ekti.<\/p>\n<p>\u00c7eviri: M.Y<\/p>\n","protected":false},"excerpt":{"rendered":"<p>HASEKE \u2013 \u0130\u015fgalci Amerikan g\u00fc\u00e7leri taraf\u0131ndan desteklenen \u201cDSG\u201d milisleri, Haseke k\u0131rsal\u0131n\u0131n g\u00fcneyinde yer alan el \u015eeddadi kenti \u00e7evresinden birka\u00e7 genci ka\u00e7\u0131rd\u0131. Yerel kaynaklar SANA muhabirine, \u201cDSG\u201d milislerinden silahl\u0131 gruplar\u0131n, el \u015eeddadi kentinin do\u011fusundaki el \u011eaz yolunda kontrol noktalar\u0131 kurduklar\u0131n\u0131 belirtirken, birka\u00e7 genci ka\u00e7\u0131rd\u0131\u011f\u0131na i\u015faret etti. Kaynaklar, milislerin, ka\u00e7\u0131rd\u0131klar\u0131 gen\u00e7lerin saflar\u0131nda sava\u015fmaya zorlamak i\u00e7in e\u011fitim kamplar\u0131na &hellip;<\/p>\n","protected":false},"author":36,"featured_media":230516,"comment_status":"closed","ping_status":"closed","sticky":false,"template":"","format":"standard","meta":{"footnotes":""},"categories":[479,575,17988,478],"tags":[],"class_list":["post-230514","post","type-post","status-publish","format-standard","has-post-thumbnail","","category-haberler-yerel","category-olaylar-ve-gercekler","category-son-haberler","category-yerel"],"_links":{"self":[{"href":"https:\/\/archive.sana.sy\/tr\/index.php?rest_route=\/wp\/v2\/posts\/230514","targetHints":{"allow":["GET"]}}],"collection":[{"href":"https:\/\/archive.sana.sy\/tr\/index.php?rest_route=\/wp\/v2\/posts"}],"about":[{"href":"https:\/\/archive.sana.sy\/tr\/index.php?rest_route=\/wp\/v2\/types\/post"}],"author":[{"embeddable":true,"href":"https:\/\/archive.sana.sy\/tr\/index.php?rest_route=\/wp\/v2\/users\/36"}],"replies":[{"embeddable":true,"href":"https:\/\/archive.sana.sy\/tr\/index.php?rest_route=%2Fwp%2Fv2%2Fcomments&post=230514"}],"version-history":[{"count":0,"href":"https:\/\/archive.sana.sy\/tr\/index.php?rest_route=\/wp\/v2\/posts\/230514\/revisions"}],"wp:featuredmedia":[{"embeddable":true,"href":"https:\/\/archive.sana.sy\/tr\/index.php?rest_route=\/wp\/v2\/media\/230516"}],"wp:attachment":[{"href":"https:\/\/archive.sana.sy\/tr\/index.php?rest_route=%2Fwp%2Fv2%2Fmedia&parent=230514"}],"wp:term":[{"taxonomy":"category","embeddable":true,"href":"https:\/\/archive.sana.sy\/tr\/index.php?rest_route=%2Fwp%2Fv2%2Fcategories&post=230514"},{"taxonomy":"post_tag","embeddable":true,"href":"https:\/\/archive.sana.sy\/tr\/index.php?rest_route=%2Fwp%2Fv2%2Ftags&post=230514"}],"curies":[{"name":"wp","href":"https:\/\/api.w.org\/{rel}","templated":true}]}}