{"id":230555,"date":"2021-03-20T08:41:14","date_gmt":"2021-03-20T06:41:14","guid":{"rendered":"http:\/\/107.6.182.27\/tr\/?p=230555"},"modified":"2021-03-23T08:17:54","modified_gmt":"2021-03-23T06:17:54","slug":"isgalci-amerikan-gucleri-calinti-bugday-yuklu-17-kamyonu-haseke-kirsalindan-iraka-dogru-kacirdi","status":"publish","type":"post","link":"https:\/\/archive.sana.sy\/tr\/?p=230555","title":{"rendered":"\u0130\u015fgalci Amerikan g\u00fc\u00e7leri, \u00e7al\u0131nt\u0131 bu\u011fday y\u00fckl\u00fc 17 kamyonu Haseke k\u0131rsal\u0131ndan Irak\u2019a do\u011fru ka\u00e7\u0131rd\u0131"},"content":{"rendered":"<p>HASEKE \u2013 \u0130\u015fgalci Amerikn g\u00fc\u00e7leri, bu\u011fday\u0131 ta\u015f\u0131yan bir konvoyu Haseke k\u0131rsal\u0131n\u0131n do\u011fusundaki el Tauibe silolar\u0131ndan Kuzey Irak&#8217;a ka\u00e7\u0131rd\u0131.<\/p>\n<p>Yerel kaynaklar SANA muhabirine, \u00e7al\u0131nt\u0131 bu\u011fday y\u00fckl\u00fc 17 kamyonun Haseke k\u0131rsal\u0131nda yer alan Rmeylan b\u00f6lgesindeki El Tauibe silolar\u0131ndan ayr\u0131l\u0131p kuzey Irak\u2019a do\u011fru gitti\u011fini belirtti.<\/p>\n<p>Kaynaklar, kamyonlar\u0131n Amerikan i\u015fgaliyle ba\u011flant\u0131l\u0131 \u201cDSG\u201d milislerin korumas\u0131yla Irak topraklar\u0131na do\u011fru ge\u00e7ti\u011fine dikkat \u00e7ekti.<\/p>\n<p>\u00c7eviri: M.Y<\/p>\n","protected":false},"excerpt":{"rendered":"<p>HASEKE \u2013 \u0130\u015fgalci Amerikn g\u00fc\u00e7leri, bu\u011fday\u0131 ta\u015f\u0131yan bir konvoyu Haseke k\u0131rsal\u0131n\u0131n do\u011fusundaki el Tauibe silolar\u0131ndan Kuzey Irak&#8217;a ka\u00e7\u0131rd\u0131. Yerel kaynaklar SANA muhabirine, \u00e7al\u0131nt\u0131 bu\u011fday y\u00fckl\u00fc 17 kamyonun Haseke k\u0131rsal\u0131nda yer alan Rmeylan b\u00f6lgesindeki El Tauibe silolar\u0131ndan ayr\u0131l\u0131p kuzey Irak\u2019a do\u011fru gitti\u011fini belirtti. Kaynaklar, kamyonlar\u0131n Amerikan i\u015fgaliyle ba\u011flant\u0131l\u0131 \u201cDSG\u201d milislerin korumas\u0131yla Irak topraklar\u0131na do\u011fru ge\u00e7ti\u011fine dikkat &hellip;<\/p>\n","protected":false},"author":36,"featured_media":230556,"comment_status":"closed","ping_status":"closed","sticky":false,"template":"","format":"standard","meta":{"footnotes":""},"categories":[479,575,17988,478],"tags":[],"class_list":["post-230555","post","type-post","status-publish","format-standard","has-post-thumbnail","","category-haberler-yerel","category-olaylar-ve-gercekler","category-son-haberler","category-yerel"],"_links":{"self":[{"href":"https:\/\/archive.sana.sy\/tr\/index.php?rest_route=\/wp\/v2\/posts\/230555","targetHints":{"allow":["GET"]}}],"collection":[{"href":"https:\/\/archive.sana.sy\/tr\/index.php?rest_route=\/wp\/v2\/posts"}],"about":[{"href":"https:\/\/archive.sana.sy\/tr\/index.php?rest_route=\/wp\/v2\/types\/post"}],"author":[{"embeddable":true,"href":"https:\/\/archive.sana.sy\/tr\/index.php?rest_route=\/wp\/v2\/users\/36"}],"replies":[{"embeddable":true,"href":"https:\/\/archive.sana.sy\/tr\/index.php?rest_route=%2Fwp%2Fv2%2Fcomments&post=230555"}],"version-history":[{"count":0,"href":"https:\/\/archive.sana.sy\/tr\/index.php?rest_route=\/wp\/v2\/posts\/230555\/revisions"}],"wp:featuredmedia":[{"embeddable":true,"href":"https:\/\/archive.sana.sy\/tr\/index.php?rest_route=\/wp\/v2\/media\/230556"}],"wp:attachment":[{"href":"https:\/\/archive.sana.sy\/tr\/index.php?rest_route=%2Fwp%2Fv2%2Fmedia&parent=230555"}],"wp:term":[{"taxonomy":"category","embeddable":true,"href":"https:\/\/archive.sana.sy\/tr\/index.php?rest_route=%2Fwp%2Fv2%2Fcategories&post=230555"},{"taxonomy":"post_tag","embeddable":true,"href":"https:\/\/archive.sana.sy\/tr\/index.php?rest_route=%2Fwp%2Fv2%2Ftags&post=230555"}],"curies":[{"name":"wp","href":"https:\/\/api.w.org\/{rel}","templated":true}]}}