{"id":230558,"date":"2021-03-19T23:02:52","date_gmt":"2021-03-19T21:02:52","guid":{"rendered":"http:\/\/107.6.182.27\/tr\/?p=230558"},"modified":"2021-03-23T08:17:51","modified_gmt":"2021-03-23T06:17:51","slug":"isgalci-turk-gucleri-ve-kiraliklarinin-bombardimaninda-1-cocuk-sehit-dustu-4-sivil-de-yaralandi","status":"publish","type":"post","link":"https:\/\/archive.sana.sy\/tr\/?p=230558","title":{"rendered":"\u0130\u015fgalci T\u00fcrk G\u00fc\u00e7leri ve Kiral\u0131klar\u0131n\u0131n Bombard\u0131man\u0131nda 1 \u00c7ocuk \u015eehit D\u00fc\u015ft\u00fc 4 Sivil De Yaraland\u0131"},"content":{"rendered":"<p>RAKKA \u2013 Rakka k\u0131rsal\u0131n\u0131n kuzeyinde yer alan Ayn \u0130sa beldesi yak\u0131nlar\u0131nda i\u015fgalci T\u00fcrk g\u00fc\u00e7leri ve kiral\u0131k ter\u00f6r gruplar\u0131n f\u00fczelerle sald\u0131rmas\u0131 sonucunda 1 \u00e7ocuk \u015fehit d\u00fc\u015ft\u00fc, 4 sivil de yaraland\u0131.<\/p>\n<p>Yerel kaynaklar SANA muhabirine, i\u015fgalci T\u00fcrk g\u00fc\u00e7leri ve kiral\u0131klar\u0131n\u0131n, Rakka k\u0131rsal\u0131n\u0131n kuzeyindeki konu\u015flanma b\u00f6lgelerinden, Ayn \u0130sa beldesi civar\u0131ndaki n\u00fcfus merkezlerine f\u00fczelerle sald\u0131rd\u0131klar\u0131n\u0131 belirtti.<\/p>\n<p>Kaynaklar, s\u00f6z konusu sald\u0131r\u0131lar\u0131n sonucunda 1 \u00e7ocu\u011fun \u015fehit d\u00fc\u015ft\u00fc\u011f\u00fcn\u00fc, 4 sivilin da yaraland\u0131\u011f\u0131n\u0131 ve insanlar\u0131n evlerine ve mallar\u0131na zarar verdi\u011fine i\u015faret etti.<\/p>\n<p>\u00c7eviri: M.Y<\/p>\n","protected":false},"excerpt":{"rendered":"<p>RAKKA \u2013 Rakka k\u0131rsal\u0131n\u0131n kuzeyinde yer alan Ayn \u0130sa beldesi yak\u0131nlar\u0131nda i\u015fgalci T\u00fcrk g\u00fc\u00e7leri ve kiral\u0131k ter\u00f6r gruplar\u0131n f\u00fczelerle sald\u0131rmas\u0131 sonucunda 1 \u00e7ocuk \u015fehit d\u00fc\u015ft\u00fc, 4 sivil de yaraland\u0131. Yerel kaynaklar SANA muhabirine, i\u015fgalci T\u00fcrk g\u00fc\u00e7leri ve kiral\u0131klar\u0131n\u0131n, Rakka k\u0131rsal\u0131n\u0131n kuzeyindeki konu\u015flanma b\u00f6lgelerinden, Ayn \u0130sa beldesi civar\u0131ndaki n\u00fcfus merkezlerine f\u00fczelerle sald\u0131rd\u0131klar\u0131n\u0131 belirtti. Kaynaklar, s\u00f6z konusu &hellip;<\/p>\n","protected":false},"author":36,"featured_media":230559,"comment_status":"closed","ping_status":"closed","sticky":false,"template":"","format":"standard","meta":{"footnotes":""},"categories":[479,575,17988,2554,2555,478],"tags":[],"class_list":["post-230558","post","type-post","status-publish","format-standard","has-post-thumbnail","","category-haberler-yerel","category-olaylar-ve-gercekler","category-son-haberler","category-suriye-ve-dunya","category-suriye-ve-turkiye","category-yerel"],"_links":{"self":[{"href":"https:\/\/archive.sana.sy\/tr\/index.php?rest_route=\/wp\/v2\/posts\/230558","targetHints":{"allow":["GET"]}}],"collection":[{"href":"https:\/\/archive.sana.sy\/tr\/index.php?rest_route=\/wp\/v2\/posts"}],"about":[{"href":"https:\/\/archive.sana.sy\/tr\/index.php?rest_route=\/wp\/v2\/types\/post"}],"author":[{"embeddable":true,"href":"https:\/\/archive.sana.sy\/tr\/index.php?rest_route=\/wp\/v2\/users\/36"}],"replies":[{"embeddable":true,"href":"https:\/\/archive.sana.sy\/tr\/index.php?rest_route=%2Fwp%2Fv2%2Fcomments&post=230558"}],"version-history":[{"count":0,"href":"https:\/\/archive.sana.sy\/tr\/index.php?rest_route=\/wp\/v2\/posts\/230558\/revisions"}],"wp:featuredmedia":[{"embeddable":true,"href":"https:\/\/archive.sana.sy\/tr\/index.php?rest_route=\/wp\/v2\/media\/230559"}],"wp:attachment":[{"href":"https:\/\/archive.sana.sy\/tr\/index.php?rest_route=%2Fwp%2Fv2%2Fmedia&parent=230558"}],"wp:term":[{"taxonomy":"category","embeddable":true,"href":"https:\/\/archive.sana.sy\/tr\/index.php?rest_route=%2Fwp%2Fv2%2Fcategories&post=230558"},{"taxonomy":"post_tag","embeddable":true,"href":"https:\/\/archive.sana.sy\/tr\/index.php?rest_route=%2Fwp%2Fv2%2Ftags&post=230558"}],"curies":[{"name":"wp","href":"https:\/\/api.w.org\/{rel}","templated":true}]}}