{"id":230582,"date":"2021-03-20T13:02:49","date_gmt":"2021-03-20T11:02:49","guid":{"rendered":"http:\/\/107.6.182.27\/tr\/?p=230582"},"modified":"2021-03-23T08:18:10","modified_gmt":"2021-03-23T06:18:10","slug":"el-bab-kentinde-bomba-yuklu-bir-arac-patladi-birkac-vatandas-sehit-dustu-digerleri-de-yaralandi","status":"publish","type":"post","link":"https:\/\/archive.sana.sy\/tr\/?p=230582","title":{"rendered":"El Bab Kentinde Bomba Y\u00fckl\u00fc Bir Ara\u00e7 Patlad\u0131, Birka\u00e7 Vatanda\u015f \u015eehit D\u00fc\u015ft\u00fc, Di\u011ferleri De Yaraland\u0131"},"content":{"rendered":"<p>HALEP \u2013 Halep k\u0131rsal\u0131n\u0131n kuzeydo\u011fusunda yer alan El Bab kentinde, bomba y\u00fckl\u00fc bir arac\u0131n patlamas\u0131 sonucunda birka\u00e7 vatanda\u015f \u015fehit d\u00fc\u015ft\u00fc, di\u011ferleri de yaraland\u0131.<\/p>\n<p>Yerel kaynaklar SANA&#8217;ya, El Bab&#8217;\u0131n merkezindeki El Tevhid Camii yak\u0131nlar\u0131nda bir bomba y\u00fckl\u00fc bir arac\u0131n patlams\u0131 sonucunda \u200bbirka\u00e7 vatanda\u015f\u0131n \u015fehit d\u00fc\u015ft\u00fc\u011f\u00fcn\u00fc, di\u011ferlerinin de yaraland\u0131\u011f\u0131n\u0131 ve patlama yerinde b\u00fcy\u00fck hasar meydana geldi\u011fini belirtti.<\/p>\n<p>Kaynaklar, patlaman\u0131n, b\u00f6lgeye takviye ekipleri getiren ve patlaman\u0131n \u00e7evresini kordon alt\u0131na alan birka\u00e7 T\u00fcrk i\u015fgal \u00e7etesinin \u00f6l\u00fcm\u00fc ve yaralanmas\u0131yla sonu\u00e7land\u0131\u011f\u0131na da dikkat \u00e7ekti.<\/p>\n<p>\u00c7eviri: M.Y<\/p>\n","protected":false},"excerpt":{"rendered":"<p>HALEP \u2013 Halep k\u0131rsal\u0131n\u0131n kuzeydo\u011fusunda yer alan El Bab kentinde, bomba y\u00fckl\u00fc bir arac\u0131n patlamas\u0131 sonucunda birka\u00e7 vatanda\u015f \u015fehit d\u00fc\u015ft\u00fc, di\u011ferleri de yaraland\u0131. Yerel kaynaklar SANA&#8217;ya, El Bab&#8217;\u0131n merkezindeki El Tevhid Camii yak\u0131nlar\u0131nda bir bomba y\u00fckl\u00fc bir arac\u0131n patlams\u0131 sonucunda \u200bbirka\u00e7 vatanda\u015f\u0131n \u015fehit d\u00fc\u015ft\u00fc\u011f\u00fcn\u00fc, di\u011ferlerinin de yaraland\u0131\u011f\u0131n\u0131 ve patlama yerinde b\u00fcy\u00fck hasar meydana geldi\u011fini belirtti. &hellip;<\/p>\n","protected":false},"author":36,"featured_media":230583,"comment_status":"closed","ping_status":"closed","sticky":false,"template":"","format":"standard","meta":{"footnotes":""},"categories":[479,575,17988,478],"tags":[],"class_list":["post-230582","post","type-post","status-publish","format-standard","has-post-thumbnail","","category-haberler-yerel","category-olaylar-ve-gercekler","category-son-haberler","category-yerel"],"_links":{"self":[{"href":"https:\/\/archive.sana.sy\/tr\/index.php?rest_route=\/wp\/v2\/posts\/230582","targetHints":{"allow":["GET"]}}],"collection":[{"href":"https:\/\/archive.sana.sy\/tr\/index.php?rest_route=\/wp\/v2\/posts"}],"about":[{"href":"https:\/\/archive.sana.sy\/tr\/index.php?rest_route=\/wp\/v2\/types\/post"}],"author":[{"embeddable":true,"href":"https:\/\/archive.sana.sy\/tr\/index.php?rest_route=\/wp\/v2\/users\/36"}],"replies":[{"embeddable":true,"href":"https:\/\/archive.sana.sy\/tr\/index.php?rest_route=%2Fwp%2Fv2%2Fcomments&post=230582"}],"version-history":[{"count":0,"href":"https:\/\/archive.sana.sy\/tr\/index.php?rest_route=\/wp\/v2\/posts\/230582\/revisions"}],"wp:featuredmedia":[{"embeddable":true,"href":"https:\/\/archive.sana.sy\/tr\/index.php?rest_route=\/wp\/v2\/media\/230583"}],"wp:attachment":[{"href":"https:\/\/archive.sana.sy\/tr\/index.php?rest_route=%2Fwp%2Fv2%2Fmedia&parent=230582"}],"wp:term":[{"taxonomy":"category","embeddable":true,"href":"https:\/\/archive.sana.sy\/tr\/index.php?rest_route=%2Fwp%2Fv2%2Fcategories&post=230582"},{"taxonomy":"post_tag","embeddable":true,"href":"https:\/\/archive.sana.sy\/tr\/index.php?rest_route=%2Fwp%2Fv2%2Ftags&post=230582"}],"curies":[{"name":"wp","href":"https:\/\/api.w.org\/{rel}","templated":true}]}}