{"id":230585,"date":"2021-03-20T13:26:43","date_gmt":"2021-03-20T11:26:43","guid":{"rendered":"http:\/\/107.6.182.27\/tr\/?p=230585"},"modified":"2021-03-23T08:18:17","modified_gmt":"2021-03-23T06:18:17","slug":"isgalci-turk-gucleri-ve-kiraliklari-ayn-isa-beldesini-ve-cevresini-bombalamaya-devam-ediyor","status":"publish","type":"post","link":"https:\/\/archive.sana.sy\/tr\/?p=230585","title":{"rendered":"\u0130\u015fgalci T\u00fcrk G\u00fc\u00e7leri ve Kiral\u0131klar\u0131 Ayn \u0130sa Beldesini ve \u00c7evresini Bombalamaya Devam Ediyor"},"content":{"rendered":"<p>RAKKA \u2013 Rakka k\u0131rsal\u0131n\u0131n kuzeyinde yer alan Ayn \u0130sa beldesi, i\u015fgalci T\u00fcrk g\u00fc\u00e7leri ve kiral\u0131klar\u0131n\u0131n belde ve \u00e7evresine y\u00f6nelik devam eden bombard\u0131man\u0131 nedeniyle bir dizi ailenin yerlerinden edilmesine tan\u0131k oldu.<\/p>\n<p>Yerel kaynaklar SANA&#8217;ya, beldenin, i\u015fgalci T\u00fcrk g\u00fc\u00e7leri ve kiral\u0131klar\u0131n\u0131n Ayn \u0130sa beldesine f\u00fczelerle bombalamaya devam etmesiyle bir dizi ailenin g\u00f6\u00e7\u00fcne tan\u0131k old\u011funu belirtti.<\/p>\n<p>\u00c7eviri: M.Y<\/p>\n","protected":false},"excerpt":{"rendered":"<p>RAKKA \u2013 Rakka k\u0131rsal\u0131n\u0131n kuzeyinde yer alan Ayn \u0130sa beldesi, i\u015fgalci T\u00fcrk g\u00fc\u00e7leri ve kiral\u0131klar\u0131n\u0131n belde ve \u00e7evresine y\u00f6nelik devam eden bombard\u0131man\u0131 nedeniyle bir dizi ailenin yerlerinden edilmesine tan\u0131k oldu. Yerel kaynaklar SANA&#8217;ya, beldenin, i\u015fgalci T\u00fcrk g\u00fc\u00e7leri ve kiral\u0131klar\u0131n\u0131n Ayn \u0130sa beldesine f\u00fczelerle bombalamaya devam etmesiyle bir dizi ailenin g\u00f6\u00e7\u00fcne tan\u0131k old\u011funu belirtti. \u00c7eviri: M.Y<\/p>\n","protected":false},"author":36,"featured_media":230586,"comment_status":"closed","ping_status":"closed","sticky":false,"template":"","format":"standard","meta":{"footnotes":""},"categories":[479,575,17988,2554,2555,478],"tags":[],"class_list":["post-230585","post","type-post","status-publish","format-standard","has-post-thumbnail","","category-haberler-yerel","category-olaylar-ve-gercekler","category-son-haberler","category-suriye-ve-dunya","category-suriye-ve-turkiye","category-yerel"],"_links":{"self":[{"href":"https:\/\/archive.sana.sy\/tr\/index.php?rest_route=\/wp\/v2\/posts\/230585","targetHints":{"allow":["GET"]}}],"collection":[{"href":"https:\/\/archive.sana.sy\/tr\/index.php?rest_route=\/wp\/v2\/posts"}],"about":[{"href":"https:\/\/archive.sana.sy\/tr\/index.php?rest_route=\/wp\/v2\/types\/post"}],"author":[{"embeddable":true,"href":"https:\/\/archive.sana.sy\/tr\/index.php?rest_route=\/wp\/v2\/users\/36"}],"replies":[{"embeddable":true,"href":"https:\/\/archive.sana.sy\/tr\/index.php?rest_route=%2Fwp%2Fv2%2Fcomments&post=230585"}],"version-history":[{"count":0,"href":"https:\/\/archive.sana.sy\/tr\/index.php?rest_route=\/wp\/v2\/posts\/230585\/revisions"}],"wp:featuredmedia":[{"embeddable":true,"href":"https:\/\/archive.sana.sy\/tr\/index.php?rest_route=\/wp\/v2\/media\/230586"}],"wp:attachment":[{"href":"https:\/\/archive.sana.sy\/tr\/index.php?rest_route=%2Fwp%2Fv2%2Fmedia&parent=230585"}],"wp:term":[{"taxonomy":"category","embeddable":true,"href":"https:\/\/archive.sana.sy\/tr\/index.php?rest_route=%2Fwp%2Fv2%2Fcategories&post=230585"},{"taxonomy":"post_tag","embeddable":true,"href":"https:\/\/archive.sana.sy\/tr\/index.php?rest_route=%2Fwp%2Fv2%2Ftags&post=230585"}],"curies":[{"name":"wp","href":"https:\/\/api.w.org\/{rel}","templated":true}]}}