{"id":230706,"date":"2021-03-23T12:16:03","date_gmt":"2021-03-23T10:16:03","guid":{"rendered":"http:\/\/107.6.182.27\/tr\/?p=230706"},"modified":"2021-03-24T08:19:08","modified_gmt":"2021-03-24T06:19:08","slug":"rasul-ayn-kentinde-bomba-yuklu-bir-arac-patladi-birkac-silahli-olduruldu-digerleri-de-yaralandi","status":"publish","type":"post","link":"https:\/\/archive.sana.sy\/tr\/?p=230706","title":{"rendered":"Rasul Ayn Kentinde Bomba Y\u00fckl\u00fc Bir Ara\u00e7 Patlad\u0131, Birka\u00e7 Silahl\u0131 \u00f6ld\u00fcr\u00fcld\u00fc, Di\u011ferleri De yaraland\u0131"},"content":{"rendered":"<p>HASEKE \u2013 Haseke k\u0131rsal\u0131nda yer alan Rasul Ayn kentindeki kontrol noktalar\u0131ndan birinin yak\u0131n\u0131nda, bomba y\u00fckl\u00fc bir arac\u0131n\u0131n patlamas\u0131 sonucunda i\u015fgalci T\u00fcrk g\u00fc\u00e7lerinin kiral\u0131klar\u0131ndan birka\u00e7 silahl\u0131 \u00f6ld\u00fcr\u00fcld\u00fc ve yaraland\u0131.<\/p>\n<p>Yerel kaynaklar SANA muhabirine, Haseke k\u0131rsal\u0131n\u0131n kuzeybat\u0131s\u0131nda yer alan Rasul Ayn kentindeki el Sinaa Karayolu \u00fczerinde i\u015fgalci T\u00fcrk g\u00fc\u00e7lerinin kiral\u0131klar\u0131na tabi kontrol noktalar\u0131nda bomba y\u00fckl\u00fc bir arac\u0131n patlamas\u0131 sonucunda birke\u00e7 silahl\u0131n\u0131n \u00f6ld\u00fcr\u00fcld\u00fc\u011f\u00fcn\u00fc, di\u011ferlerinin de yaraland\u0131\u011f\u0131n\u0131 belirtti.<\/p>\n<p>\u00c7eviri: M.Y<\/p>\n","protected":false},"excerpt":{"rendered":"<p>HASEKE \u2013 Haseke k\u0131rsal\u0131nda yer alan Rasul Ayn kentindeki kontrol noktalar\u0131ndan birinin yak\u0131n\u0131nda, bomba y\u00fckl\u00fc bir arac\u0131n\u0131n patlamas\u0131 sonucunda i\u015fgalci T\u00fcrk g\u00fc\u00e7lerinin kiral\u0131klar\u0131ndan birka\u00e7 silahl\u0131 \u00f6ld\u00fcr\u00fcld\u00fc ve yaraland\u0131. Yerel kaynaklar SANA muhabirine, Haseke k\u0131rsal\u0131n\u0131n kuzeybat\u0131s\u0131nda yer alan Rasul Ayn kentindeki el Sinaa Karayolu \u00fczerinde i\u015fgalci T\u00fcrk g\u00fc\u00e7lerinin kiral\u0131klar\u0131na tabi kontrol noktalar\u0131nda bomba y\u00fckl\u00fc bir arac\u0131n &hellip;<\/p>\n","protected":false},"author":36,"featured_media":230707,"comment_status":"closed","ping_status":"closed","sticky":false,"template":"","format":"standard","meta":{"footnotes":""},"categories":[479,575,17988,2554,2555,478],"tags":[],"class_list":["post-230706","post","type-post","status-publish","format-standard","has-post-thumbnail","","category-haberler-yerel","category-olaylar-ve-gercekler","category-son-haberler","category-suriye-ve-dunya","category-suriye-ve-turkiye","category-yerel"],"_links":{"self":[{"href":"https:\/\/archive.sana.sy\/tr\/index.php?rest_route=\/wp\/v2\/posts\/230706","targetHints":{"allow":["GET"]}}],"collection":[{"href":"https:\/\/archive.sana.sy\/tr\/index.php?rest_route=\/wp\/v2\/posts"}],"about":[{"href":"https:\/\/archive.sana.sy\/tr\/index.php?rest_route=\/wp\/v2\/types\/post"}],"author":[{"embeddable":true,"href":"https:\/\/archive.sana.sy\/tr\/index.php?rest_route=\/wp\/v2\/users\/36"}],"replies":[{"embeddable":true,"href":"https:\/\/archive.sana.sy\/tr\/index.php?rest_route=%2Fwp%2Fv2%2Fcomments&post=230706"}],"version-history":[{"count":0,"href":"https:\/\/archive.sana.sy\/tr\/index.php?rest_route=\/wp\/v2\/posts\/230706\/revisions"}],"wp:featuredmedia":[{"embeddable":true,"href":"https:\/\/archive.sana.sy\/tr\/index.php?rest_route=\/wp\/v2\/media\/230707"}],"wp:attachment":[{"href":"https:\/\/archive.sana.sy\/tr\/index.php?rest_route=%2Fwp%2Fv2%2Fmedia&parent=230706"}],"wp:term":[{"taxonomy":"category","embeddable":true,"href":"https:\/\/archive.sana.sy\/tr\/index.php?rest_route=%2Fwp%2Fv2%2Fcategories&post=230706"},{"taxonomy":"post_tag","embeddable":true,"href":"https:\/\/archive.sana.sy\/tr\/index.php?rest_route=%2Fwp%2Fv2%2Ftags&post=230706"}],"curies":[{"name":"wp","href":"https:\/\/api.w.org\/{rel}","templated":true}]}}