{"id":230848,"date":"2021-03-24T15:41:05","date_gmt":"2021-03-24T13:41:05","guid":{"rendered":"http:\/\/107.6.182.27\/tr\/?p=230848"},"modified":"2021-03-25T08:15:57","modified_gmt":"2021-03-25T06:15:57","slug":"isgalci-amerikan-gucleri-gayrimesru-sekilde-iraktan-yeni-bir-konvoy-getirdi","status":"publish","type":"post","link":"https:\/\/archive.sana.sy\/tr\/?p=230848","title":{"rendered":"\u0130\u015fgalci Amerikan G\u00fc\u00e7leri Gayrime\u015fru \u015eekilde Irak&#8217;tan  Yeni Bir Konvoy Getirdi"},"content":{"rendered":"<p>HASEKE \u2013 \u0130\u015fgalci Amerikan g\u00fc\u00e7leri bug\u00fcn Irak topraklar\u0131ndan gayrime\u015fru \u015fekilde Haseke k\u0131rsal\u0131ndaki \u00fcs\u00fclerine lojistik te\u00e7hizatlar ta\u015f\u0131yan bir konvoy getirdi.<\/p>\n<p>El Suveydiye b\u00f6lgesinden yerel kaynaklar SANA&#8217;ya, ABD i\u015fgal g\u00fc\u00e7lerinin bu \u00f6\u011fleden sonra, Haseke k\u0131rsal\u0131nda i\u015fgal ettikleri \u00fcslere yasad\u0131\u015f\u0131 el Velid ge\u00e7i\u015fi yoluyla kamyonlar, tankerler, buzdolaplar\u0131 ve tanklar da dahil olmak \u00fczere 80 ara\u00e7l\u0131k bir konvoy getirdi\u011fini s\u00f6yledi.<\/p>\n<p>Kaynaklar, konvoya Amerikan i\u015fgal g\u00fc\u00e7leri taraf\u0131ndan desteklenen &#8220;DSG milislerine&#8221; ait silahl\u0131 adamlar\u0131 ta\u015f\u0131yan bir dizi araban\u0131n e\u015flik etti\u011fini belirtti.<\/p>\n<p>P.M.<\/p>\n","protected":false},"excerpt":{"rendered":"<p>HASEKE \u2013 \u0130\u015fgalci Amerikan g\u00fc\u00e7leri bug\u00fcn Irak topraklar\u0131ndan gayrime\u015fru \u015fekilde Haseke k\u0131rsal\u0131ndaki \u00fcs\u00fclerine lojistik te\u00e7hizatlar ta\u015f\u0131yan bir konvoy getirdi. El Suveydiye b\u00f6lgesinden yerel kaynaklar SANA&#8217;ya, ABD i\u015fgal g\u00fc\u00e7lerinin bu \u00f6\u011fleden sonra, Haseke k\u0131rsal\u0131nda i\u015fgal ettikleri \u00fcslere yasad\u0131\u015f\u0131 el Velid ge\u00e7i\u015fi yoluyla kamyonlar, tankerler, buzdolaplar\u0131 ve tanklar da dahil olmak \u00fczere 80 ara\u00e7l\u0131k bir konvoy getirdi\u011fini &hellip;<\/p>\n","protected":false},"author":1,"featured_media":230849,"comment_status":"closed","ping_status":"closed","sticky":false,"template":"","format":"standard","meta":{"footnotes":""},"categories":[479,575,17988,478],"tags":[],"class_list":["post-230848","post","type-post","status-publish","format-standard","has-post-thumbnail","","category-haberler-yerel","category-olaylar-ve-gercekler","category-son-haberler","category-yerel"],"_links":{"self":[{"href":"https:\/\/archive.sana.sy\/tr\/index.php?rest_route=\/wp\/v2\/posts\/230848","targetHints":{"allow":["GET"]}}],"collection":[{"href":"https:\/\/archive.sana.sy\/tr\/index.php?rest_route=\/wp\/v2\/posts"}],"about":[{"href":"https:\/\/archive.sana.sy\/tr\/index.php?rest_route=\/wp\/v2\/types\/post"}],"author":[{"embeddable":true,"href":"https:\/\/archive.sana.sy\/tr\/index.php?rest_route=\/wp\/v2\/users\/1"}],"replies":[{"embeddable":true,"href":"https:\/\/archive.sana.sy\/tr\/index.php?rest_route=%2Fwp%2Fv2%2Fcomments&post=230848"}],"version-history":[{"count":0,"href":"https:\/\/archive.sana.sy\/tr\/index.php?rest_route=\/wp\/v2\/posts\/230848\/revisions"}],"wp:featuredmedia":[{"embeddable":true,"href":"https:\/\/archive.sana.sy\/tr\/index.php?rest_route=\/wp\/v2\/media\/230849"}],"wp:attachment":[{"href":"https:\/\/archive.sana.sy\/tr\/index.php?rest_route=%2Fwp%2Fv2%2Fmedia&parent=230848"}],"wp:term":[{"taxonomy":"category","embeddable":true,"href":"https:\/\/archive.sana.sy\/tr\/index.php?rest_route=%2Fwp%2Fv2%2Fcategories&post=230848"},{"taxonomy":"post_tag","embeddable":true,"href":"https:\/\/archive.sana.sy\/tr\/index.php?rest_route=%2Fwp%2Fv2%2Ftags&post=230848"}],"curies":[{"name":"wp","href":"https:\/\/api.w.org\/{rel}","templated":true}]}}