{"id":230921,"date":"2021-03-25T10:48:20","date_gmt":"2021-03-25T08:48:20","guid":{"rendered":"http:\/\/107.6.182.27\/tr\/?p=230921"},"modified":"2021-03-26T15:04:02","modified_gmt":"2021-03-26T12:04:02","slug":"idlib-kirsalindaki-ternebe-sarakib-koridorunun-acildi","status":"publish","type":"post","link":"https:\/\/archive.sana.sy\/tr\/?p=230921","title":{"rendered":"\u0130dlib K\u0131rsal\u0131ndaki Ternebe-Sarakib Koridorunu A\u00e7\u0131ld\u0131"},"content":{"rendered":"<p>\u0130DL\u0130B \u2013 SANA muhabiri, \u0130dlib k\u0131rsal\u0131n\u0131n do\u011fusundaki Ternebe-Sarakib koridorunun ter\u00f6r kontrol\u00fcndeki b\u00f6lgeleri ter\u00f6rizmden kurtar\u0131lan belde ve k\u00f6ylerine b\u0131rakmak isteyen insanlar\u0131 kabul etmek i\u00e7in a\u00e7\u0131ld\u0131\u011f\u0131n\u0131 belirtti.<\/p>\n<p>\u00c7eviri: M.Y<\/p>\n<div id='gallery-1' class='gallery galleryid-230921 gallery-columns-1 gallery-size-full'><figure class='gallery-item'>\n\t\t\t<div class='gallery-icon landscape'>\n\t\t\t\t<a href='https:\/\/archive.sana.sy\/tr\/wp-content\/uploads\/2021\/03\/2-485.jpg'><img loading=\"lazy\" decoding=\"async\" width=\"660\" height=\"418\" src=\"https:\/\/archive.sana.sy\/tr\/wp-content\/uploads\/2021\/03\/2-485.jpg\" class=\"attachment-full size-full\" alt=\"\" srcset=\"https:\/\/archive.sana.sy\/tr\/wp-content\/uploads\/2021\/03\/2-485.jpg 660w, https:\/\/archive.sana.sy\/tr\/wp-content\/uploads\/2021\/03\/2-485-300x190.jpg 300w, https:\/\/archive.sana.sy\/tr\/wp-content\/uploads\/2021\/03\/2-485-150x95.jpg 150w\" sizes=\"auto, (max-width: 660px) 100vw, 660px\" \/><\/a>\n\t\t\t<\/div><\/figure><figure class='gallery-item'>\n\t\t\t<div class='gallery-icon landscape'>\n\t\t\t\t<a href='https:\/\/archive.sana.sy\/tr\/wp-content\/uploads\/2021\/03\/3-306.jpg'><img loading=\"lazy\" decoding=\"async\" width=\"660\" height=\"440\" src=\"https:\/\/archive.sana.sy\/tr\/wp-content\/uploads\/2021\/03\/3-306.jpg\" class=\"attachment-full size-full\" alt=\"\" srcset=\"https:\/\/archive.sana.sy\/tr\/wp-content\/uploads\/2021\/03\/3-306.jpg 660w, https:\/\/archive.sana.sy\/tr\/wp-content\/uploads\/2021\/03\/3-306-300x200.jpg 300w, https:\/\/archive.sana.sy\/tr\/wp-content\/uploads\/2021\/03\/3-306-150x100.jpg 150w\" sizes=\"auto, (max-width: 660px) 100vw, 660px\" \/><\/a>\n\t\t\t<\/div><\/figure><figure class='gallery-item'>\n\t\t\t<div class='gallery-icon landscape'>\n\t\t\t\t<a href='https:\/\/archive.sana.sy\/tr\/wp-content\/uploads\/2021\/03\/4-270.jpg'><img loading=\"lazy\" decoding=\"async\" width=\"660\" height=\"416\" src=\"https:\/\/archive.sana.sy\/tr\/wp-content\/uploads\/2021\/03\/4-270.jpg\" class=\"attachment-full size-full\" alt=\"\" srcset=\"https:\/\/archive.sana.sy\/tr\/wp-content\/uploads\/2021\/03\/4-270.jpg 660w, https:\/\/archive.sana.sy\/tr\/wp-content\/uploads\/2021\/03\/4-270-300x189.jpg 300w, https:\/\/archive.sana.sy\/tr\/wp-content\/uploads\/2021\/03\/4-270-150x95.jpg 150w\" sizes=\"auto, (max-width: 660px) 100vw, 660px\" \/><\/a>\n\t\t\t<\/div><\/figure><figure class='gallery-item'>\n\t\t\t<div class='gallery-icon landscape'>\n\t\t\t\t<a href='https:\/\/archive.sana.sy\/tr\/wp-content\/uploads\/2021\/03\/5-243.jpg'><img loading=\"lazy\" decoding=\"async\" width=\"660\" height=\"395\" src=\"https:\/\/archive.sana.sy\/tr\/wp-content\/uploads\/2021\/03\/5-243.jpg\" class=\"attachment-full size-full\" alt=\"\" srcset=\"https:\/\/archive.sana.sy\/tr\/wp-content\/uploads\/2021\/03\/5-243.jpg 660w, https:\/\/archive.sana.sy\/tr\/wp-content\/uploads\/2021\/03\/5-243-300x180.jpg 300w, https:\/\/archive.sana.sy\/tr\/wp-content\/uploads\/2021\/03\/5-243-150x90.jpg 150w\" sizes=\"auto, (max-width: 660px) 100vw, 660px\" \/><\/a>\n\t\t\t<\/div><\/figure><figure class='gallery-item'>\n\t\t\t<div class='gallery-icon landscape'>\n\t\t\t\t<a href='https:\/\/archive.sana.sy\/tr\/wp-content\/uploads\/2021\/03\/6-214.jpg'><img loading=\"lazy\" decoding=\"async\" width=\"660\" height=\"406\" src=\"https:\/\/archive.sana.sy\/tr\/wp-content\/uploads\/2021\/03\/6-214.jpg\" class=\"attachment-full size-full\" alt=\"\" srcset=\"https:\/\/archive.sana.sy\/tr\/wp-content\/uploads\/2021\/03\/6-214.jpg 660w, https:\/\/archive.sana.sy\/tr\/wp-content\/uploads\/2021\/03\/6-214-300x185.jpg 300w, https:\/\/archive.sana.sy\/tr\/wp-content\/uploads\/2021\/03\/6-214-150x92.jpg 150w\" sizes=\"auto, (max-width: 660px) 100vw, 660px\" \/><\/a>\n\t\t\t<\/div><\/figure>\n\t\t<\/div>\n\n","protected":false},"excerpt":{"rendered":"<p>\u0130DL\u0130B \u2013 SANA muhabiri, \u0130dlib k\u0131rsal\u0131n\u0131n do\u011fusundaki Ternebe-Sarakib koridorunun ter\u00f6r kontrol\u00fcndeki b\u00f6lgeleri ter\u00f6rizmden kurtar\u0131lan belde ve k\u00f6ylerine b\u0131rakmak isteyen insanlar\u0131 kabul etmek i\u00e7in a\u00e7\u0131ld\u0131\u011f\u0131n\u0131 belirtti. \u00c7eviri: M.Y<\/p>\n","protected":false},"author":36,"featured_media":230927,"comment_status":"closed","ping_status":"closed","sticky":false,"template":"","format":"standard","meta":{"footnotes":""},"categories":[596,479,17988,478],"tags":[],"class_list":["post-230921","post","type-post","status-publish","format-standard","has-post-thumbnail","","category-fotografli-raporlar","category-haberler-yerel","category-son-haberler","category-yerel"],"_links":{"self":[{"href":"https:\/\/archive.sana.sy\/tr\/index.php?rest_route=\/wp\/v2\/posts\/230921","targetHints":{"allow":["GET"]}}],"collection":[{"href":"https:\/\/archive.sana.sy\/tr\/index.php?rest_route=\/wp\/v2\/posts"}],"about":[{"href":"https:\/\/archive.sana.sy\/tr\/index.php?rest_route=\/wp\/v2\/types\/post"}],"author":[{"embeddable":true,"href":"https:\/\/archive.sana.sy\/tr\/index.php?rest_route=\/wp\/v2\/users\/36"}],"replies":[{"embeddable":true,"href":"https:\/\/archive.sana.sy\/tr\/index.php?rest_route=%2Fwp%2Fv2%2Fcomments&post=230921"}],"version-history":[{"count":0,"href":"https:\/\/archive.sana.sy\/tr\/index.php?rest_route=\/wp\/v2\/posts\/230921\/revisions"}],"wp:featuredmedia":[{"embeddable":true,"href":"https:\/\/archive.sana.sy\/tr\/index.php?rest_route=\/wp\/v2\/media\/230927"}],"wp:attachment":[{"href":"https:\/\/archive.sana.sy\/tr\/index.php?rest_route=%2Fwp%2Fv2%2Fmedia&parent=230921"}],"wp:term":[{"taxonomy":"category","embeddable":true,"href":"https:\/\/archive.sana.sy\/tr\/index.php?rest_route=%2Fwp%2Fv2%2Fcategories&post=230921"},{"taxonomy":"post_tag","embeddable":true,"href":"https:\/\/archive.sana.sy\/tr\/index.php?rest_route=%2Fwp%2Fv2%2Ftags&post=230921"}],"curies":[{"name":"wp","href":"https:\/\/api.w.org\/{rel}","templated":true}]}}