{"id":230933,"date":"2021-03-25T14:09:05","date_gmt":"2021-03-25T12:09:05","guid":{"rendered":"http:\/\/107.6.182.27\/tr\/?p=230933"},"modified":"2021-04-02T09:49:58","modified_gmt":"2021-04-02T06:49:58","slug":"cumhurbaskani-esad-yeni-medeni-durum-kararnamesi-cikardi","status":"publish","type":"post","link":"https:\/\/archive.sana.sy\/tr\/?p=230933","title":{"rendered":"Cumhurba\u015fkan\u0131 Esad Yeni Medeni Durum Kararnamesi \u00c7\u0131kard\u0131"},"content":{"rendered":"<p>\u015eAM \u2013 Cumhurba\u015fkan\u0131 Be\u015far Esad bug\u00fcn, 2007 tarihli 26 Say\u0131l\u0131 Kanun H\u00fckm\u00fcnde Kararname ve de\u011fi\u015fiklikleri ile \u00e7\u0131kar\u0131lan Medeni Durumu Kanunu&#8217;nun yerini alacak yeni Medeni Durum Kanunu&#8217;nu i\u00e7eren 2021 y\u0131l\u0131 13 say\u0131l\u0131 kararnameyi \u00e7\u0131kard\u0131.<\/p>\n<p>\u00c7eviri: M.Y<\/p>\n","protected":false},"excerpt":{"rendered":"<p>\u015eAM \u2013 Cumhurba\u015fkan\u0131 Be\u015far Esad bug\u00fcn, 2007 tarihli 26 Say\u0131l\u0131 Kanun H\u00fckm\u00fcnde Kararname ve de\u011fi\u015fiklikleri ile \u00e7\u0131kar\u0131lan Medeni Durumu Kanunu&#8217;nun yerini alacak yeni Medeni Durum Kanunu&#8217;nu i\u00e7eren 2021 y\u0131l\u0131 13 say\u0131l\u0131 kararnameyi \u00e7\u0131kard\u0131. \u00c7eviri: M.Y<\/p>\n","protected":false},"author":36,"featured_media":230934,"comment_status":"closed","ping_status":"closed","sticky":false,"template":"","format":"standard","meta":{"footnotes":""},"categories":[479,605,17988,612,599,478],"tags":[],"class_list":["post-230933","post","type-post","status-publish","format-standard","has-post-thumbnail","","category-haberler-yerel","category-sayin-cumhurbaskani","category-son-haberler","category-yasama-kararnameler","category-yasama-ve-kanunlar","category-yerel"],"_links":{"self":[{"href":"https:\/\/archive.sana.sy\/tr\/index.php?rest_route=\/wp\/v2\/posts\/230933","targetHints":{"allow":["GET"]}}],"collection":[{"href":"https:\/\/archive.sana.sy\/tr\/index.php?rest_route=\/wp\/v2\/posts"}],"about":[{"href":"https:\/\/archive.sana.sy\/tr\/index.php?rest_route=\/wp\/v2\/types\/post"}],"author":[{"embeddable":true,"href":"https:\/\/archive.sana.sy\/tr\/index.php?rest_route=\/wp\/v2\/users\/36"}],"replies":[{"embeddable":true,"href":"https:\/\/archive.sana.sy\/tr\/index.php?rest_route=%2Fwp%2Fv2%2Fcomments&post=230933"}],"version-history":[{"count":0,"href":"https:\/\/archive.sana.sy\/tr\/index.php?rest_route=\/wp\/v2\/posts\/230933\/revisions"}],"wp:featuredmedia":[{"embeddable":true,"href":"https:\/\/archive.sana.sy\/tr\/index.php?rest_route=\/wp\/v2\/media\/230934"}],"wp:attachment":[{"href":"https:\/\/archive.sana.sy\/tr\/index.php?rest_route=%2Fwp%2Fv2%2Fmedia&parent=230933"}],"wp:term":[{"taxonomy":"category","embeddable":true,"href":"https:\/\/archive.sana.sy\/tr\/index.php?rest_route=%2Fwp%2Fv2%2Fcategories&post=230933"},{"taxonomy":"post_tag","embeddable":true,"href":"https:\/\/archive.sana.sy\/tr\/index.php?rest_route=%2Fwp%2Fv2%2Ftags&post=230933"}],"curies":[{"name":"wp","href":"https:\/\/api.w.org\/{rel}","templated":true}]}}