{"id":230957,"date":"2021-03-25T10:45:45","date_gmt":"2021-03-25T08:45:45","guid":{"rendered":"http:\/\/107.6.182.27\/tr\/?p=230957"},"modified":"2021-03-26T15:04:00","modified_gmt":"2021-03-26T12:04:00","slug":"rusya-koordinasyon-merkezi-tartus-egitim-mudurlugune-20-jenerator-sagladi","status":"publish","type":"post","link":"https:\/\/archive.sana.sy\/tr\/?p=230957","title":{"rendered":"Rusya Koordinasyon Merkezi, Tartus E\u011fitim M\u00fcd\u00fcrl\u00fc\u011f\u00fc&#8217;ne 20 Jenerat\u00f6r Sa\u011flad\u0131"},"content":{"rendered":"<p>TARTUS \u2013 Rusya Koordinasyon Merkezi bug\u00fcn, Tartus E\u011fitim M\u00fcd\u00fcrl\u00fc\u011f\u00fc yarar\u0131na her biri 1,5 kilovat kapasiteli 20 jenerat\u00f6r temin etti.<\/p>\n<p>\u0130l Temel E\u011fitim M\u00fcd\u00fcr Yard\u0131mc\u0131s\u0131 Mamduh Muhammad gazetecilere yapt\u0131\u011f\u0131 a\u00e7\u0131klamada, bu yard\u0131m\u0131n e\u011fitim sekt\u00f6r\u00fcn\u00fc hedefledi\u011fini ve jenerat\u00f6rlerin ilin k\u0131rsal kesimindeki ilk a\u015fama okullar\u0131na da\u011f\u0131t\u0131laca\u011f\u0131n\u0131 dile getirirken, bu t\u00fcr koordinasyonun Suriye ile Rusya Federasyonu aras\u0131ndaki ili\u015fkilerin derinli\u011finin bir kan\u0131t\u0131 oldu\u011funa i\u015faret etti.<\/p>\n<p>\u0130l Haz\u0131rl\u0131k Dairesi Ba\u015fkan\u0131 Yaser Dayub ise, il okullar\u0131n\u0131n desteklenmesi i\u00e7in jenerat\u00f6r sa\u011flaman\u0131n, Suriye halk\u0131na y\u00f6nelik haks\u0131z Bat\u0131 ablukas\u0131 ve sald\u0131rgan sava\u015f\u0131n etkilerini hafifletmek i\u00e7in Rusya Federasyonu&#8217;nun Suriyelilere sa\u011flad\u0131\u011f\u0131 insani yard\u0131m \u00e7er\u00e7evesinde geldi\u011fini belirtti.<\/p>\n<p>P.M.<\/p>\n<div id='gallery-1' class='gallery galleryid-230957 gallery-columns-1 gallery-size-full'><figure class='gallery-item'>\n\t\t\t<div class='gallery-icon landscape'>\n\t\t\t\t<a href='https:\/\/archive.sana.sy\/tr\/wp-content\/uploads\/2021\/03\/photo_2021-03-25_18-10-33-scaled.jpg'><img loading=\"lazy\" decoding=\"async\" width=\"2560\" height=\"1705\" src=\"https:\/\/archive.sana.sy\/tr\/wp-content\/uploads\/2021\/03\/photo_2021-03-25_18-10-33-scaled.jpg\" class=\"attachment-full size-full\" alt=\"\" srcset=\"https:\/\/archive.sana.sy\/tr\/wp-content\/uploads\/2021\/03\/photo_2021-03-25_18-10-33-scaled.jpg 2560w, https:\/\/archive.sana.sy\/tr\/wp-content\/uploads\/2021\/03\/photo_2021-03-25_18-10-33-300x200.jpg 300w, https:\/\/archive.sana.sy\/tr\/wp-content\/uploads\/2021\/03\/photo_2021-03-25_18-10-33-1024x682.jpg 1024w, https:\/\/archive.sana.sy\/tr\/wp-content\/uploads\/2021\/03\/photo_2021-03-25_18-10-33-150x100.jpg 150w, https:\/\/archive.sana.sy\/tr\/wp-content\/uploads\/2021\/03\/photo_2021-03-25_18-10-33-768x512.jpg 768w, https:\/\/archive.sana.sy\/tr\/wp-content\/uploads\/2021\/03\/photo_2021-03-25_18-10-33-1536x1023.jpg 1536w, https:\/\/archive.sana.sy\/tr\/wp-content\/uploads\/2021\/03\/photo_2021-03-25_18-10-33-2048x1364.jpg 2048w, https:\/\/archive.sana.sy\/tr\/wp-content\/uploads\/2021\/03\/photo_2021-03-25_18-10-33-310x205.jpg 310w\" sizes=\"auto, (max-width: 2560px) 100vw, 2560px\" \/><\/a>\n\t\t\t<\/div><\/figure><figure class='gallery-item'>\n\t\t\t<div class='gallery-icon landscape'>\n\t\t\t\t<a href='https:\/\/archive.sana.sy\/tr\/wp-content\/uploads\/2021\/03\/photo_2021-03-25_18-10-38-scaled.jpg'><img loading=\"lazy\" decoding=\"async\" width=\"2560\" height=\"1669\" src=\"https:\/\/archive.sana.sy\/tr\/wp-content\/uploads\/2021\/03\/photo_2021-03-25_18-10-38-scaled.jpg\" class=\"attachment-full size-full\" alt=\"\" srcset=\"https:\/\/archive.sana.sy\/tr\/wp-content\/uploads\/2021\/03\/photo_2021-03-25_18-10-38-scaled.jpg 2560w, https:\/\/archive.sana.sy\/tr\/wp-content\/uploads\/2021\/03\/photo_2021-03-25_18-10-38-300x196.jpg 300w, https:\/\/archive.sana.sy\/tr\/wp-content\/uploads\/2021\/03\/photo_2021-03-25_18-10-38-1024x668.jpg 1024w, https:\/\/archive.sana.sy\/tr\/wp-content\/uploads\/2021\/03\/photo_2021-03-25_18-10-38-150x98.jpg 150w, https:\/\/archive.sana.sy\/tr\/wp-content\/uploads\/2021\/03\/photo_2021-03-25_18-10-38-768x501.jpg 768w, https:\/\/archive.sana.sy\/tr\/wp-content\/uploads\/2021\/03\/photo_2021-03-25_18-10-38-1536x1001.jpg 1536w, https:\/\/archive.sana.sy\/tr\/wp-content\/uploads\/2021\/03\/photo_2021-03-25_18-10-38-2048x1335.jpg 2048w\" sizes=\"auto, (max-width: 2560px) 100vw, 2560px\" \/><\/a>\n\t\t\t<\/div><\/figure><figure class='gallery-item'>\n\t\t\t<div class='gallery-icon landscape'>\n\t\t\t\t<a href='https:\/\/archive.sana.sy\/tr\/wp-content\/uploads\/2021\/03\/photo_2021-03-25_18-10-45-2-scaled.jpg'><img loading=\"lazy\" decoding=\"async\" width=\"2560\" height=\"1706\" src=\"https:\/\/archive.sana.sy\/tr\/wp-content\/uploads\/2021\/03\/photo_2021-03-25_18-10-45-2-scaled.jpg\" class=\"attachment-full size-full\" alt=\"\" srcset=\"https:\/\/archive.sana.sy\/tr\/wp-content\/uploads\/2021\/03\/photo_2021-03-25_18-10-45-2-scaled.jpg 2560w, https:\/\/archive.sana.sy\/tr\/wp-content\/uploads\/2021\/03\/photo_2021-03-25_18-10-45-2-300x200.jpg 300w, https:\/\/archive.sana.sy\/tr\/wp-content\/uploads\/2021\/03\/photo_2021-03-25_18-10-45-2-1024x682.jpg 1024w, https:\/\/archive.sana.sy\/tr\/wp-content\/uploads\/2021\/03\/photo_2021-03-25_18-10-45-2-150x100.jpg 150w, https:\/\/archive.sana.sy\/tr\/wp-content\/uploads\/2021\/03\/photo_2021-03-25_18-10-45-2-768x512.jpg 768w, https:\/\/archive.sana.sy\/tr\/wp-content\/uploads\/2021\/03\/photo_2021-03-25_18-10-45-2-1536x1024.jpg 1536w, https:\/\/archive.sana.sy\/tr\/wp-content\/uploads\/2021\/03\/photo_2021-03-25_18-10-45-2-2048x1365.jpg 2048w\" sizes=\"auto, (max-width: 2560px) 100vw, 2560px\" \/><\/a>\n\t\t\t<\/div><\/figure><figure class='gallery-item'>\n\t\t\t<div class='gallery-icon landscape'>\n\t\t\t\t<a href='https:\/\/archive.sana.sy\/tr\/wp-content\/uploads\/2021\/03\/photo_2021-03-25_18-10-47--scaled.jpg'><img loading=\"lazy\" decoding=\"async\" width=\"2560\" height=\"1637\" src=\"https:\/\/archive.sana.sy\/tr\/wp-content\/uploads\/2021\/03\/photo_2021-03-25_18-10-47--scaled.jpg\" class=\"attachment-full size-full\" alt=\"\" srcset=\"https:\/\/archive.sana.sy\/tr\/wp-content\/uploads\/2021\/03\/photo_2021-03-25_18-10-47--scaled.jpg 2560w, https:\/\/archive.sana.sy\/tr\/wp-content\/uploads\/2021\/03\/photo_2021-03-25_18-10-47--300x192.jpg 300w, https:\/\/archive.sana.sy\/tr\/wp-content\/uploads\/2021\/03\/photo_2021-03-25_18-10-47--1024x655.jpg 1024w, https:\/\/archive.sana.sy\/tr\/wp-content\/uploads\/2021\/03\/photo_2021-03-25_18-10-47--150x96.jpg 150w, https:\/\/archive.sana.sy\/tr\/wp-content\/uploads\/2021\/03\/photo_2021-03-25_18-10-47--768x491.jpg 768w, https:\/\/archive.sana.sy\/tr\/wp-content\/uploads\/2021\/03\/photo_2021-03-25_18-10-47--1536x982.jpg 1536w, https:\/\/archive.sana.sy\/tr\/wp-content\/uploads\/2021\/03\/photo_2021-03-25_18-10-47--2048x1310.jpg 2048w\" sizes=\"auto, (max-width: 2560px) 100vw, 2560px\" \/><\/a>\n\t\t\t<\/div><\/figure>\n\t\t<\/div>\n\n","protected":false},"excerpt":{"rendered":"<p>TARTUS \u2013 Rusya Koordinasyon Merkezi bug\u00fcn, Tartus E\u011fitim M\u00fcd\u00fcrl\u00fc\u011f\u00fc yarar\u0131na her biri 1,5 kilovat kapasiteli 20 jenerat\u00f6r temin etti. \u0130l Temel E\u011fitim M\u00fcd\u00fcr Yard\u0131mc\u0131s\u0131 Mamduh Muhammad gazetecilere yapt\u0131\u011f\u0131 a\u00e7\u0131klamada, bu yard\u0131m\u0131n e\u011fitim sekt\u00f6r\u00fcn\u00fc hedefledi\u011fini ve jenerat\u00f6rlerin ilin k\u0131rsal kesimindeki ilk a\u015fama okullar\u0131na da\u011f\u0131t\u0131laca\u011f\u0131n\u0131 dile getirirken, bu t\u00fcr koordinasyonun Suriye ile Rusya Federasyonu aras\u0131ndaki ili\u015fkilerin derinli\u011finin &hellip;<\/p>\n","protected":false},"author":1,"featured_media":230958,"comment_status":"closed","ping_status":"closed","sticky":false,"template":"","format":"standard","meta":{"footnotes":""},"categories":[596,479,17988,478],"tags":[],"class_list":["post-230957","post","type-post","status-publish","format-standard","has-post-thumbnail","","category-fotografli-raporlar","category-haberler-yerel","category-son-haberler","category-yerel"],"_links":{"self":[{"href":"https:\/\/archive.sana.sy\/tr\/index.php?rest_route=\/wp\/v2\/posts\/230957","targetHints":{"allow":["GET"]}}],"collection":[{"href":"https:\/\/archive.sana.sy\/tr\/index.php?rest_route=\/wp\/v2\/posts"}],"about":[{"href":"https:\/\/archive.sana.sy\/tr\/index.php?rest_route=\/wp\/v2\/types\/post"}],"author":[{"embeddable":true,"href":"https:\/\/archive.sana.sy\/tr\/index.php?rest_route=\/wp\/v2\/users\/1"}],"replies":[{"embeddable":true,"href":"https:\/\/archive.sana.sy\/tr\/index.php?rest_route=%2Fwp%2Fv2%2Fcomments&post=230957"}],"version-history":[{"count":0,"href":"https:\/\/archive.sana.sy\/tr\/index.php?rest_route=\/wp\/v2\/posts\/230957\/revisions"}],"wp:featuredmedia":[{"embeddable":true,"href":"https:\/\/archive.sana.sy\/tr\/index.php?rest_route=\/wp\/v2\/media\/230958"}],"wp:attachment":[{"href":"https:\/\/archive.sana.sy\/tr\/index.php?rest_route=%2Fwp%2Fv2%2Fmedia&parent=230957"}],"wp:term":[{"taxonomy":"category","embeddable":true,"href":"https:\/\/archive.sana.sy\/tr\/index.php?rest_route=%2Fwp%2Fv2%2Fcategories&post=230957"},{"taxonomy":"post_tag","embeddable":true,"href":"https:\/\/archive.sana.sy\/tr\/index.php?rest_route=%2Fwp%2Fv2%2Ftags&post=230957"}],"curies":[{"name":"wp","href":"https:\/\/api.w.org\/{rel}","templated":true}]}}