{"id":230989,"date":"2021-03-26T12:05:27","date_gmt":"2021-03-26T09:05:27","guid":{"rendered":"http:\/\/107.6.182.27\/tr\/?p=230989"},"modified":"2021-03-27T14:40:04","modified_gmt":"2021-03-27T11:40:04","slug":"homsta-kuvvetli-ruzgalardan-dolayi-hasar-goren-elektrik-hatlar-onarildi","status":"publish","type":"post","link":"https:\/\/archive.sana.sy\/tr\/?p=230989","title":{"rendered":"Homs&#8217;ta Kuvvetli R\u00fczgarlardan Dolay\u0131 Hasar G\u00f6ren Elektrik Hatlar Onar\u0131ld\u0131"},"content":{"rendered":"<p>HOMS \u2013 Homs Genel Elektrik \u015eirketi&#8217;nin teknik at\u00f6lyeleri, ilin ge\u00e7ti\u011fimiz g\u00fcnlerde tan\u0131k oldu\u011fu kuvvetli r\u00fczgarlar sonucunda elektrik \u015febekesinde meydana gelen t\u00fcm ar\u0131zalar\u0131n bak\u0131m\u0131n\u0131 tamamlad\u0131.<\/p>\n<p>Homs Elektrik \u015eirketi M\u00fcd\u00fcr\u00fc Salih Umran bug\u00fcn SANA muhabirine, kuvvetli r\u00fczgarlar\u0131n yakla\u015f\u0131k 11 orta gerilim hatt\u0131na zarar verdiklerini dile getirdi\u00e7. Umran ayr\u0131ca, \u015fiddetli r\u00fczgarlar\u0131n k\u0131rsal ve \u015fehrin \u00e7e\u015fitli b\u00f6lgelerindeki d\u00fc\u015f\u00fck gerilimi etkiledi\u011fini belirterek, hasar\u0131n ayr\u0131ca k\u0131r\u0131k hatlar, \u00e7\u00f6km\u00fc\u015f izolat\u00f6rler, \u00e7\u00f6km\u00fc\u015f bir orta gerilim kesintisi ve hastal\u0131\u011fa verilen zarar\u0131 i\u00e7erdi\u011fini belirtti.<\/p>\n<p>Bu hasarlar\u0131n Homs&#8217;un baz\u0131 k\u00f6y ve b\u00f6lgelerinde elektrik kesintilerine yol a\u00e7t\u0131klar\u0131 ard\u0131ndan, elektrik \u015firketi at\u00f6lyeleri ar\u0131zalar\u0131 gidermek ve elektrik arz\u0131n\u0131 eski haline getirmek i\u00e7in harekete ge\u00e7ti.<\/p>\n<p>P.M.<\/p>\n","protected":false},"excerpt":{"rendered":"<p>HOMS \u2013 Homs Genel Elektrik \u015eirketi&#8217;nin teknik at\u00f6lyeleri, ilin ge\u00e7ti\u011fimiz g\u00fcnlerde tan\u0131k oldu\u011fu kuvvetli r\u00fczgarlar sonucunda elektrik \u015febekesinde meydana gelen t\u00fcm ar\u0131zalar\u0131n bak\u0131m\u0131n\u0131 tamamlad\u0131. Homs Elektrik \u015eirketi M\u00fcd\u00fcr\u00fc Salih Umran bug\u00fcn SANA muhabirine, kuvvetli r\u00fczgarlar\u0131n yakla\u015f\u0131k 11 orta gerilim hatt\u0131na zarar verdiklerini dile getirdi\u00e7. Umran ayr\u0131ca, \u015fiddetli r\u00fczgarlar\u0131n k\u0131rsal ve \u015fehrin \u00e7e\u015fitli b\u00f6lgelerindeki d\u00fc\u015f\u00fck gerilimi &hellip;<\/p>\n","protected":false},"author":1,"featured_media":230990,"comment_status":"closed","ping_status":"closed","sticky":false,"template":"","format":"standard","meta":{"footnotes":""},"categories":[479,17988,478],"tags":[],"class_list":["post-230989","post","type-post","status-publish","format-standard","has-post-thumbnail","","category-haberler-yerel","category-son-haberler","category-yerel"],"_links":{"self":[{"href":"https:\/\/archive.sana.sy\/tr\/index.php?rest_route=\/wp\/v2\/posts\/230989","targetHints":{"allow":["GET"]}}],"collection":[{"href":"https:\/\/archive.sana.sy\/tr\/index.php?rest_route=\/wp\/v2\/posts"}],"about":[{"href":"https:\/\/archive.sana.sy\/tr\/index.php?rest_route=\/wp\/v2\/types\/post"}],"author":[{"embeddable":true,"href":"https:\/\/archive.sana.sy\/tr\/index.php?rest_route=\/wp\/v2\/users\/1"}],"replies":[{"embeddable":true,"href":"https:\/\/archive.sana.sy\/tr\/index.php?rest_route=%2Fwp%2Fv2%2Fcomments&post=230989"}],"version-history":[{"count":0,"href":"https:\/\/archive.sana.sy\/tr\/index.php?rest_route=\/wp\/v2\/posts\/230989\/revisions"}],"wp:featuredmedia":[{"embeddable":true,"href":"https:\/\/archive.sana.sy\/tr\/index.php?rest_route=\/wp\/v2\/media\/230990"}],"wp:attachment":[{"href":"https:\/\/archive.sana.sy\/tr\/index.php?rest_route=%2Fwp%2Fv2%2Fmedia&parent=230989"}],"wp:term":[{"taxonomy":"category","embeddable":true,"href":"https:\/\/archive.sana.sy\/tr\/index.php?rest_route=%2Fwp%2Fv2%2Fcategories&post=230989"},{"taxonomy":"post_tag","embeddable":true,"href":"https:\/\/archive.sana.sy\/tr\/index.php?rest_route=%2Fwp%2Fv2%2Ftags&post=230989"}],"curies":[{"name":"wp","href":"https:\/\/api.w.org\/{rel}","templated":true}]}}