{"id":231072,"date":"2021-03-29T13:32:57","date_gmt":"2021-03-29T10:32:57","guid":{"rendered":"http:\/\/107.6.182.27\/tr\/?p=231072"},"modified":"2021-03-30T16:34:36","modified_gmt":"2021-03-30T13:34:36","slug":"dsg-milisleri-insani-zor-kosullarda-bulunan-el-hol-kampini-kusatma-altina-tutup-bugun-baskin-ve-kacirma-eylemleri-gerceklesti","status":"publish","type":"post","link":"https:\/\/archive.sana.sy\/tr\/?p=231072","title":{"rendered":"&#8220;DSG&#8221; Milisleri \u0130nsani Zor Ko\u015fullarda Bulunan El Hol Kamp\u0131n\u0131 Ku\u015fatma Alt\u0131na Tutmaya Devam Edip Bug\u00fcn Bask\u0131n ve Ka\u00e7\u0131rma Eylemleri Ger\u00e7ekle\u015fti"},"content":{"rendered":"<p>HASEKE \u2013 ABD i\u015fgaliyle ba\u011flant\u0131l\u0131 DSG milisleri, ge\u00e7ti\u011fimiz Cuma g\u00fcn\u00fcnden bu yana Haseke&#8217;nin do\u011fu k\u0131rsal\u0131ndaki i\u015fgal g\u00fc\u00e7lerinin deste\u011fiyle milisler taraf\u0131ndan kontrol edilen el Hol m\u00fclteci kamp\u0131n\u0131 ku\u015fatmaya devam etmeye ek olarak kamp sakinlerinin \u00e7ad\u0131rlar\u0131na bask\u0131nlar d\u00fczenleyip onlarca ki\u015fiyi ka\u00e7\u0131rd\u0131.<\/p>\n<p>Yerel kaynaklar SANA&#8217;n\u0131n Haseke muhabirine, &#8220;DSG milislerinin&#8221;, d\u00f6rd\u00fcnc\u00fc g\u00fcn 70 binden fazla insan\u0131n ya\u015fad\u0131\u011f\u0131 m\u00fcltecilerin do\u011fu k\u0131rsal\u0131ndaki el Hol kamp\u0131n\u0131 d\u00fczinelerce militan\u0131 arac\u0131l\u0131\u011f\u0131yla ku\u015fatmas\u0131n\u0131n ard\u0131ndan, bug\u00fcn kamp i\u00e7inde geni\u015f \u00e7apl\u0131 bask\u0131nlar d\u00fczenleyip aralar\u0131nda kad\u0131nlar\u0131n da bulundu\u011fu onlarca sakini \u00e7e\u015fitli bahanelerle ka\u00e7\u0131rarak bilinmeyen bir yere g\u00f6t\u00fcrd\u00fcklerini belirtti.<\/p>\n<p>Kaynaklar, iki g\u00fcn \u00f6nce &#8220;DSG&#8221; milislerinin, Haseke kenti ile sakinleri ciddi bir insani felaket tehdidi yaratan su, ila\u00e7, ila\u00e7, g\u0131da ve g\u00fcvenlik a\u00e7\u0131s\u0131ndan hayatta kalma gereksinimleri eksikli\u011findeki rajik ko\u015fullarda ya\u015fayan El Hol m\u00fclteci kamp\u0131 aras\u0131ndaki t\u00fcm yollar\u0131 kestiklerine dikkat \u00e7ekti.<\/p>\n<p>P.M.<\/p>\n","protected":false},"excerpt":{"rendered":"<p>HASEKE \u2013 ABD i\u015fgaliyle ba\u011flant\u0131l\u0131 DSG milisleri, ge\u00e7ti\u011fimiz Cuma g\u00fcn\u00fcnden bu yana Haseke&#8217;nin do\u011fu k\u0131rsal\u0131ndaki i\u015fgal g\u00fc\u00e7lerinin deste\u011fiyle milisler taraf\u0131ndan kontrol edilen el Hol m\u00fclteci kamp\u0131n\u0131 ku\u015fatmaya devam etmeye ek olarak kamp sakinlerinin \u00e7ad\u0131rlar\u0131na bask\u0131nlar d\u00fczenleyip onlarca ki\u015fiyi ka\u00e7\u0131rd\u0131. Yerel kaynaklar SANA&#8217;n\u0131n Haseke muhabirine, &#8220;DSG milislerinin&#8221;, d\u00f6rd\u00fcnc\u00fc g\u00fcn 70 binden fazla insan\u0131n ya\u015fad\u0131\u011f\u0131 m\u00fcltecilerin do\u011fu &hellip;<\/p>\n","protected":false},"author":1,"featured_media":231078,"comment_status":"closed","ping_status":"closed","sticky":false,"template":"","format":"standard","meta":{"footnotes":""},"categories":[479,575,17988,478],"tags":[],"class_list":["post-231072","post","type-post","status-publish","format-standard","has-post-thumbnail","","category-haberler-yerel","category-olaylar-ve-gercekler","category-son-haberler","category-yerel"],"_links":{"self":[{"href":"https:\/\/archive.sana.sy\/tr\/index.php?rest_route=\/wp\/v2\/posts\/231072","targetHints":{"allow":["GET"]}}],"collection":[{"href":"https:\/\/archive.sana.sy\/tr\/index.php?rest_route=\/wp\/v2\/posts"}],"about":[{"href":"https:\/\/archive.sana.sy\/tr\/index.php?rest_route=\/wp\/v2\/types\/post"}],"author":[{"embeddable":true,"href":"https:\/\/archive.sana.sy\/tr\/index.php?rest_route=\/wp\/v2\/users\/1"}],"replies":[{"embeddable":true,"href":"https:\/\/archive.sana.sy\/tr\/index.php?rest_route=%2Fwp%2Fv2%2Fcomments&post=231072"}],"version-history":[{"count":0,"href":"https:\/\/archive.sana.sy\/tr\/index.php?rest_route=\/wp\/v2\/posts\/231072\/revisions"}],"wp:featuredmedia":[{"embeddable":true,"href":"https:\/\/archive.sana.sy\/tr\/index.php?rest_route=\/wp\/v2\/media\/231078"}],"wp:attachment":[{"href":"https:\/\/archive.sana.sy\/tr\/index.php?rest_route=%2Fwp%2Fv2%2Fmedia&parent=231072"}],"wp:term":[{"taxonomy":"category","embeddable":true,"href":"https:\/\/archive.sana.sy\/tr\/index.php?rest_route=%2Fwp%2Fv2%2Fcategories&post=231072"},{"taxonomy":"post_tag","embeddable":true,"href":"https:\/\/archive.sana.sy\/tr\/index.php?rest_route=%2Fwp%2Fv2%2Ftags&post=231072"}],"curies":[{"name":"wp","href":"https:\/\/api.w.org\/{rel}","templated":true}]}}