{"id":231083,"date":"2021-03-29T13:31:18","date_gmt":"2021-03-29T10:31:18","guid":{"rendered":"http:\/\/107.6.182.27\/tr\/?p=231083"},"modified":"2021-03-30T16:34:34","modified_gmt":"2021-03-30T13:34:34","slug":"turk-isgalinden-destekli-kiralik-teroristlerin-yayildiklari-rasul-ayn-kentinde-bombali-eylem","status":"publish","type":"post","link":"https:\/\/archive.sana.sy\/tr\/?p=231083","title":{"rendered":"T\u00fcrk \u0130\u015fgalinden Destekli Kiral\u0131k Ter\u00f6ristlerin Yay\u0131ld\u0131klar\u0131 Rasul Ayn Kentinde Bombal\u0131 Eylem"},"content":{"rendered":"<p>HASEKE \u2013 Haseke k\u0131rsal\u0131n\u0131n kuzeybat\u0131s\u0131nda yer alan i\u015fgalci T\u00fcrk g\u00fc\u00e7lerine ba\u011fl\u0131 ter\u00f6r \u00f6rg\u00fctlerinin yay\u0131ld\u0131\u011f\u0131 Rasul Ayn kentinde bomba d\u00fczene\u011fi patlamas\u0131 sonucunda bir ka\u00e7 sivil yaral\u0131 d\u00fc\u015ft\u00fc.<\/p>\n<p>Yerel kaynaklar Haseke\u2019deki SANA muhabirine, Rasul Ayn kentindeki ana caddesinde bug\u00fcn arabaya y\u00fckl\u00fc bir bomba d\u00fczene\u011finin patlad\u0131\u011f\u0131n\u0131 ve bunun sonucunda birka\u00e7 sivilin yaraland\u0131\u011f\u0131n\u0131 belirtti.<\/p>\n<p>Kaynaklar ayr\u0131ca, olay yerinde maddi hasarlara yol a\u00e7\u0131kld\u0131\u011f\u0131na dikkat \u00e7ekti.<\/p>\n<p>P.M.<\/p>\n","protected":false},"excerpt":{"rendered":"<p>HASEKE \u2013 Haseke k\u0131rsal\u0131n\u0131n kuzeybat\u0131s\u0131nda yer alan i\u015fgalci T\u00fcrk g\u00fc\u00e7lerine ba\u011fl\u0131 ter\u00f6r \u00f6rg\u00fctlerinin yay\u0131ld\u0131\u011f\u0131 Rasul Ayn kentinde bomba d\u00fczene\u011fi patlamas\u0131 sonucunda bir ka\u00e7 sivil yaral\u0131 d\u00fc\u015ft\u00fc. Yerel kaynaklar Haseke\u2019deki SANA muhabirine, Rasul Ayn kentindeki ana caddesinde bug\u00fcn arabaya y\u00fckl\u00fc bir bomba d\u00fczene\u011finin patlad\u0131\u011f\u0131n\u0131 ve bunun sonucunda birka\u00e7 sivilin yaraland\u0131\u011f\u0131n\u0131 belirtti. Kaynaklar ayr\u0131ca, olay yerinde maddi &hellip;<\/p>\n","protected":false},"author":1,"featured_media":231122,"comment_status":"closed","ping_status":"closed","sticky":false,"template":"","format":"standard","meta":{"footnotes":""},"categories":[479,575,17988,478],"tags":[],"class_list":["post-231083","post","type-post","status-publish","format-standard","has-post-thumbnail","","category-haberler-yerel","category-olaylar-ve-gercekler","category-son-haberler","category-yerel"],"_links":{"self":[{"href":"https:\/\/archive.sana.sy\/tr\/index.php?rest_route=\/wp\/v2\/posts\/231083","targetHints":{"allow":["GET"]}}],"collection":[{"href":"https:\/\/archive.sana.sy\/tr\/index.php?rest_route=\/wp\/v2\/posts"}],"about":[{"href":"https:\/\/archive.sana.sy\/tr\/index.php?rest_route=\/wp\/v2\/types\/post"}],"author":[{"embeddable":true,"href":"https:\/\/archive.sana.sy\/tr\/index.php?rest_route=\/wp\/v2\/users\/1"}],"replies":[{"embeddable":true,"href":"https:\/\/archive.sana.sy\/tr\/index.php?rest_route=%2Fwp%2Fv2%2Fcomments&post=231083"}],"version-history":[{"count":0,"href":"https:\/\/archive.sana.sy\/tr\/index.php?rest_route=\/wp\/v2\/posts\/231083\/revisions"}],"wp:featuredmedia":[{"embeddable":true,"href":"https:\/\/archive.sana.sy\/tr\/index.php?rest_route=\/wp\/v2\/media\/231122"}],"wp:attachment":[{"href":"https:\/\/archive.sana.sy\/tr\/index.php?rest_route=%2Fwp%2Fv2%2Fmedia&parent=231083"}],"wp:term":[{"taxonomy":"category","embeddable":true,"href":"https:\/\/archive.sana.sy\/tr\/index.php?rest_route=%2Fwp%2Fv2%2Fcategories&post=231083"},{"taxonomy":"post_tag","embeddable":true,"href":"https:\/\/archive.sana.sy\/tr\/index.php?rest_route=%2Fwp%2Fv2%2Ftags&post=231083"}],"curies":[{"name":"wp","href":"https:\/\/api.w.org\/{rel}","templated":true}]}}