{"id":231261,"date":"2021-03-31T12:05:27","date_gmt":"2021-03-31T09:05:27","guid":{"rendered":"http:\/\/107.6.182.27\/tr\/?p=231261"},"modified":"2021-04-01T17:12:09","modified_gmt":"2021-04-01T14:12:09","slug":"amerikan-isgalinin-helikopterleri-el-hol-kampindan-40-isid-teroristi-el-seddadideki-usune-tasidi","status":"publish","type":"post","link":"https:\/\/archive.sana.sy\/tr\/?p=231261","title":{"rendered":"Amerikan \u0130\u015fgalinin Helikopterleri El Hol Kamp\u0131ndan 40 I\u015e\u0130D Ter\u00f6risti El \u015eeddadi&#8217;deki \u00dcs\u00fcne Ta\u015f\u0131d\u0131"},"content":{"rendered":"<p>HASEKE \u2013 Amerikan i\u015fgal g\u00fc\u00e7leri, 40 I\u015e\u0130D ter\u00f6ristini Helikopterlerle Haseke&#8217;nin do\u011fusundaki el Hol hapishanesinden \u015fehrin g\u00fcney k\u0131rsal\u0131ndaki el \u015eeddadi kentindeki yasad\u0131\u015f\u0131 \u00fcss\u00fcne ta\u015f\u0131d\u0131.<\/p>\n<p>B\u00f6lge kaynaklar\u0131 SANA&#8217;ya, &#8220;Amerikan i\u015fgal kuvvetlerine ait \u00fc\u00e7 askeri helikopterin, \u00fc\u00e7 sava\u015f helikopteri e\u015fli\u011finde d\u00fcn ak\u015fam (DSG) milislerinin kontrol\u00fc alt\u0131nda olan el Hol hapishanesinden transfer edilen yakla\u015f\u0131k 40 I\u015e\u0130D ter\u00f6risti el \u015eeddadi \u00fcss\u00fcne ta\u015f\u0131d\u0131\u011f\u0131n\u0131&#8221; s\u00f6yledi.<\/p>\n<p>Kaynaklara g\u00f6re, nakledilen ter\u00f6ristlerde.. Mosul\u2019da s\u00f6zde \u201cHisbe\u201d sorumlusu \u201cEbu Seyf el \u0130raki\u201d (1980 do\u011fumlu Ziyad \u0130dris) \u00a0ve \u201cAbi Bekir el Furati\u201d (1979 do\u011fumlu Necdet Mesud) Irakl\u0131 ter\u00f6ristler bulunmaktad\u0131r.<\/p>\n<p>P.M.<\/p>\n","protected":false},"excerpt":{"rendered":"<p>HASEKE \u2013 Amerikan i\u015fgal g\u00fc\u00e7leri, 40 I\u015e\u0130D ter\u00f6ristini Helikopterlerle Haseke&#8217;nin do\u011fusundaki el Hol hapishanesinden \u015fehrin g\u00fcney k\u0131rsal\u0131ndaki el \u015eeddadi kentindeki yasad\u0131\u015f\u0131 \u00fcss\u00fcne ta\u015f\u0131d\u0131. B\u00f6lge kaynaklar\u0131 SANA&#8217;ya, &#8220;Amerikan i\u015fgal kuvvetlerine ait \u00fc\u00e7 askeri helikopterin, \u00fc\u00e7 sava\u015f helikopteri e\u015fli\u011finde d\u00fcn ak\u015fam (DSG) milislerinin kontrol\u00fc alt\u0131nda olan el Hol hapishanesinden transfer edilen yakla\u015f\u0131k 40 I\u015e\u0130D ter\u00f6risti el \u015eeddadi &hellip;<\/p>\n","protected":false},"author":1,"featured_media":231264,"comment_status":"closed","ping_status":"closed","sticky":false,"template":"","format":"standard","meta":{"footnotes":""},"categories":[479,575,17988,478],"tags":[],"class_list":["post-231261","post","type-post","status-publish","format-standard","has-post-thumbnail","","category-haberler-yerel","category-olaylar-ve-gercekler","category-son-haberler","category-yerel"],"_links":{"self":[{"href":"https:\/\/archive.sana.sy\/tr\/index.php?rest_route=\/wp\/v2\/posts\/231261","targetHints":{"allow":["GET"]}}],"collection":[{"href":"https:\/\/archive.sana.sy\/tr\/index.php?rest_route=\/wp\/v2\/posts"}],"about":[{"href":"https:\/\/archive.sana.sy\/tr\/index.php?rest_route=\/wp\/v2\/types\/post"}],"author":[{"embeddable":true,"href":"https:\/\/archive.sana.sy\/tr\/index.php?rest_route=\/wp\/v2\/users\/1"}],"replies":[{"embeddable":true,"href":"https:\/\/archive.sana.sy\/tr\/index.php?rest_route=%2Fwp%2Fv2%2Fcomments&post=231261"}],"version-history":[{"count":0,"href":"https:\/\/archive.sana.sy\/tr\/index.php?rest_route=\/wp\/v2\/posts\/231261\/revisions"}],"wp:featuredmedia":[{"embeddable":true,"href":"https:\/\/archive.sana.sy\/tr\/index.php?rest_route=\/wp\/v2\/media\/231264"}],"wp:attachment":[{"href":"https:\/\/archive.sana.sy\/tr\/index.php?rest_route=%2Fwp%2Fv2%2Fmedia&parent=231261"}],"wp:term":[{"taxonomy":"category","embeddable":true,"href":"https:\/\/archive.sana.sy\/tr\/index.php?rest_route=%2Fwp%2Fv2%2Fcategories&post=231261"},{"taxonomy":"post_tag","embeddable":true,"href":"https:\/\/archive.sana.sy\/tr\/index.php?rest_route=%2Fwp%2Fv2%2Ftags&post=231261"}],"curies":[{"name":"wp","href":"https:\/\/api.w.org\/{rel}","templated":true}]}}