{"id":231262,"date":"2021-03-31T15:50:22","date_gmt":"2021-03-31T12:50:22","guid":{"rendered":"http:\/\/107.6.182.27\/tr\/?p=231262"},"modified":"2021-04-01T17:12:17","modified_gmt":"2021-04-01T14:12:17","slug":"lavrov-washington-suriyedeki-krize-siyasi-cozumu-engellemek-icin-teror-orgutu-isidi-kullaniyor","status":"publish","type":"post","link":"https:\/\/archive.sana.sy\/tr\/?p=231262","title":{"rendered":"Lavrov: Washington, Suriye&#8217;deki Krize Siyasi \u00c7\u00f6z\u00fcm\u00fc Engellemek \u0130\u00e7in Ter\u00f6r \u00d6rg\u00fct\u00fc &#8220;I\u015e\u0130D&#8221;i Kullan\u0131yor"},"content":{"rendered":"<p>MOSKOVA \u2013 Rusya D\u0131\u015fi\u015fleri Bakan\u0131 Sergey Lavrov, Amerika Birle\u015fik Devletleri&#8217;nin ter\u00f6r \u00f6rg\u00fct\u00fc &#8220;I\u015e\u0130D&#8221;i Suriye&#8217;deki krize siyasi bir \u00e7\u00f6z\u00fcme ula\u015fmay\u0131 engellemek i\u00e7in bir ara\u00e7 olarak kulland\u0131\u011f\u0131n\u0131 teyit etti.<\/p>\n<p>Lavrov, bug\u00fcn Moskova&#8217;da d\u00fczenlenen Valdai Forumu&#8217;nda ABD&#8217;nin Suriye petrol\u00fcn\u00fc ve di\u011fer kaynaklar\u0131n\u0131 ya\u011fmalamaya devam etti\u011fini ve Suriye&#8217;nin istikrar\u0131n\u0131 bozmaya \u00e7al\u0131\u015ft\u0131\u011f\u0131n\u0131 s\u00f6yledi.<\/p>\n<p>&nbsp;<\/p>\n<p>&nbsp;<\/p>\n","protected":false},"excerpt":{"rendered":"<p>MOSKOVA \u2013 Rusya D\u0131\u015fi\u015fleri Bakan\u0131 Sergey Lavrov, Amerika Birle\u015fik Devletleri&#8217;nin ter\u00f6r \u00f6rg\u00fct\u00fc &#8220;I\u015e\u0130D&#8221;i Suriye&#8217;deki krize siyasi bir \u00e7\u00f6z\u00fcme ula\u015fmay\u0131 engellemek i\u00e7in bir ara\u00e7 olarak kulland\u0131\u011f\u0131n\u0131 teyit etti. Lavrov, bug\u00fcn Moskova&#8217;da d\u00fczenlenen Valdai Forumu&#8217;nda ABD&#8217;nin Suriye petrol\u00fcn\u00fc ve di\u011fer kaynaklar\u0131n\u0131 ya\u011fmalamaya devam etti\u011fini ve Suriye&#8217;nin istikrar\u0131n\u0131 bozmaya \u00e7al\u0131\u015ft\u0131\u011f\u0131n\u0131 s\u00f6yledi. &nbsp; &nbsp;<\/p>\n","protected":false},"author":1,"featured_media":231266,"comment_status":"closed","ping_status":"closed","sticky":false,"template":"","format":"standard","meta":{"footnotes":""},"categories":[458,459,17988],"tags":[],"class_list":["post-231262","post","type-post","status-publish","format-standard","has-post-thumbnail","","category-dunya1","category-haberler-arap-uluslararasi-politika","category-son-haberler"],"_links":{"self":[{"href":"https:\/\/archive.sana.sy\/tr\/index.php?rest_route=\/wp\/v2\/posts\/231262","targetHints":{"allow":["GET"]}}],"collection":[{"href":"https:\/\/archive.sana.sy\/tr\/index.php?rest_route=\/wp\/v2\/posts"}],"about":[{"href":"https:\/\/archive.sana.sy\/tr\/index.php?rest_route=\/wp\/v2\/types\/post"}],"author":[{"embeddable":true,"href":"https:\/\/archive.sana.sy\/tr\/index.php?rest_route=\/wp\/v2\/users\/1"}],"replies":[{"embeddable":true,"href":"https:\/\/archive.sana.sy\/tr\/index.php?rest_route=%2Fwp%2Fv2%2Fcomments&post=231262"}],"version-history":[{"count":0,"href":"https:\/\/archive.sana.sy\/tr\/index.php?rest_route=\/wp\/v2\/posts\/231262\/revisions"}],"wp:featuredmedia":[{"embeddable":true,"href":"https:\/\/archive.sana.sy\/tr\/index.php?rest_route=\/wp\/v2\/media\/231266"}],"wp:attachment":[{"href":"https:\/\/archive.sana.sy\/tr\/index.php?rest_route=%2Fwp%2Fv2%2Fmedia&parent=231262"}],"wp:term":[{"taxonomy":"category","embeddable":true,"href":"https:\/\/archive.sana.sy\/tr\/index.php?rest_route=%2Fwp%2Fv2%2Fcategories&post=231262"},{"taxonomy":"post_tag","embeddable":true,"href":"https:\/\/archive.sana.sy\/tr\/index.php?rest_route=%2Fwp%2Fv2%2Ftags&post=231262"}],"curies":[{"name":"wp","href":"https:\/\/api.w.org\/{rel}","templated":true}]}}