{"id":231263,"date":"2021-03-31T15:15:18","date_gmt":"2021-03-31T12:15:18","guid":{"rendered":"http:\/\/107.6.182.27\/tr\/?p=231263"},"modified":"2021-04-01T17:12:11","modified_gmt":"2021-04-01T14:12:11","slug":"dehgani-batinin-teror-orgutu-isidi-yeniden-canlandirmasindan-uyardi","status":"publish","type":"post","link":"https:\/\/archive.sana.sy\/tr\/?p=231263","title":{"rendered":"Deh\u011fani, Bat\u0131&#8217;n\u0131n Ter\u00f6r \u00d6rg\u00fct\u00fc \u201cI\u015e\u0130D\u201di Yeniden Canland\u0131rmas\u0131ndan Uyard\u0131"},"content":{"rendered":"<p>TAHRAN \u2013 \u0130ran&#8217;\u0131n Bel\u00e7ika ve Avrupa Birli\u011fi B\u00fcy\u00fckel\u00e7isi \u011eulam Hossein Deh\u011fani, Suriye&#8217;deki krizin egemenli\u011fine ve toprak b\u00fct\u00fcnl\u00fc\u011f\u00fcne sayg\u0131 g\u00f6steren ilkelere g\u00f6re sona erdirilmesi gere\u011fini yineledi.<\/p>\n<p>Deh\u011fani bulundu\u011fu konu\u015fmada, Suriye&#8217;deki krizin onuncu y\u0131l\u0131nda da s\u00fcrd\u00fcrmekte oldu\u011funa dikkat \u00e7ekerek, Suriyelilerin sorunu \u00e7\u00f6zmede uluslararas\u0131 toplumun b\u00fcy\u00fck bir sorumluluk y\u00fckledi\u011fini belirtti. Bu ba\u011flamda devam edrek Deh\u011fani, Bat\u0131 taraf\u0131ndan \u201cI\u015e\u0130D\u201d ter\u00f6r \u00f6rg\u00fct\u00fc ve Suriye&#8217;yi hedef alan tekfiri gruplar\u0131n yeniden canland\u0131r\u0131lmas\u0131na ve t\u00fcm ter\u00f6ristlerin geri d\u00f6n\u00fc\u015f\u00fcne kar\u015f\u0131 uyar\u0131da bulundu.<\/p>\n<p>Deh\u011fani, tek tarafl\u0131 yasaklama tedbirlerinin uluslararas\u0131 hukuka ayk\u0131r\u0131 oldu\u011funu ve bu ko\u015fullarda Suriye halk\u0131n\u0131n ac\u0131s\u0131n\u0131 art\u0131raca\u011f\u0131n\u0131 vurgularken, Suriye halk\u0131na her t\u00fcrl\u00fc d\u0131\u015f m\u00fcdahaleden uzak, kendi \u00fclkesinin gelece\u011fine karar vermesi i\u00e7in imk\u00e2n sa\u011flamak, f\u0131rsat\u00e7\u0131 \u00e7\u0131karlar\u0131ndan uzak olarak t\u00fcm \u00fclkelerin g\u00f6revi oldu\u011funu s\u00f6yledi.<\/p>\n<p>Suriyeli m\u00fcltecilerin insanl\u0131k haysiyetlerini korurken ve onlar\u0131 siyasi \u00e7\u0131karlar\u0131 elde etmek i\u00e7in bir ara\u00e7 olarak kullanmadan g\u00fcvenli bir \u015fekilde geri d\u00f6nmesinin b\u00fcy\u00fck \u00f6nem ta\u015f\u0131d\u0131\u011f\u0131n\u0131 belirten Deh\u011fani, Suriye&#8217;nin yeniden in\u015fas\u0131na katk\u0131da bulunman\u0131n ve desteklemenin \u00f6nemine i\u015faret etti.<\/p>\n<p>Son olarak Deh\u011fani, Suriye&#8217;nin \u015fu anda sava\u015f\u0131n iki felaketini ve korona vir\u00fcs\u00fcn\u00fcn yay\u0131lmas\u0131n\u0131 ele ald\u0131\u011f\u0131n\u0131 ve bu ko\u015fullar\u0131n Suriye halk\u0131na yeniden yap\u0131lanma ve insani yard\u0131m sa\u011flanmas\u0131n\u0131n \u00f6nemini art\u0131rd\u0131\u011f\u0131n\u0131 s\u00f6zlerine ekledi.<\/p>\n<p>P.M.<\/p>\n","protected":false},"excerpt":{"rendered":"<p>TAHRAN \u2013 \u0130ran&#8217;\u0131n Bel\u00e7ika ve Avrupa Birli\u011fi B\u00fcy\u00fckel\u00e7isi \u011eulam Hossein Deh\u011fani, Suriye&#8217;deki krizin egemenli\u011fine ve toprak b\u00fct\u00fcnl\u00fc\u011f\u00fcne sayg\u0131 g\u00f6steren ilkelere g\u00f6re sona erdirilmesi gere\u011fini yineledi. Deh\u011fani bulundu\u011fu konu\u015fmada, Suriye&#8217;deki krizin onuncu y\u0131l\u0131nda da s\u00fcrd\u00fcrmekte oldu\u011funa dikkat \u00e7ekerek, Suriyelilerin sorunu \u00e7\u00f6zmede uluslararas\u0131 toplumun b\u00fcy\u00fck bir sorumluluk y\u00fckledi\u011fini belirtti. Bu ba\u011flamda devam edrek Deh\u011fani, Bat\u0131 taraf\u0131ndan \u201cI\u015e\u0130D\u201d &hellip;<\/p>\n","protected":false},"author":1,"featured_media":231269,"comment_status":"closed","ping_status":"closed","sticky":false,"template":"","format":"standard","meta":{"footnotes":""},"categories":[458,459,17988],"tags":[],"class_list":["post-231263","post","type-post","status-publish","format-standard","has-post-thumbnail","","category-dunya1","category-haberler-arap-uluslararasi-politika","category-son-haberler"],"_links":{"self":[{"href":"https:\/\/archive.sana.sy\/tr\/index.php?rest_route=\/wp\/v2\/posts\/231263","targetHints":{"allow":["GET"]}}],"collection":[{"href":"https:\/\/archive.sana.sy\/tr\/index.php?rest_route=\/wp\/v2\/posts"}],"about":[{"href":"https:\/\/archive.sana.sy\/tr\/index.php?rest_route=\/wp\/v2\/types\/post"}],"author":[{"embeddable":true,"href":"https:\/\/archive.sana.sy\/tr\/index.php?rest_route=\/wp\/v2\/users\/1"}],"replies":[{"embeddable":true,"href":"https:\/\/archive.sana.sy\/tr\/index.php?rest_route=%2Fwp%2Fv2%2Fcomments&post=231263"}],"version-history":[{"count":0,"href":"https:\/\/archive.sana.sy\/tr\/index.php?rest_route=\/wp\/v2\/posts\/231263\/revisions"}],"wp:featuredmedia":[{"embeddable":true,"href":"https:\/\/archive.sana.sy\/tr\/index.php?rest_route=\/wp\/v2\/media\/231269"}],"wp:attachment":[{"href":"https:\/\/archive.sana.sy\/tr\/index.php?rest_route=%2Fwp%2Fv2%2Fmedia&parent=231263"}],"wp:term":[{"taxonomy":"category","embeddable":true,"href":"https:\/\/archive.sana.sy\/tr\/index.php?rest_route=%2Fwp%2Fv2%2Fcategories&post=231263"},{"taxonomy":"post_tag","embeddable":true,"href":"https:\/\/archive.sana.sy\/tr\/index.php?rest_route=%2Fwp%2Fv2%2Ftags&post=231263"}],"curies":[{"name":"wp","href":"https:\/\/api.w.org\/{rel}","templated":true}]}}