{"id":231303,"date":"2021-03-31T09:57:00","date_gmt":"2021-03-31T06:57:00","guid":{"rendered":"http:\/\/107.6.182.27\/tr\/?p=231303"},"modified":"2021-04-01T17:12:03","modified_gmt":"2021-04-01T14:12:03","slug":"isgalci-israil-gucleri-filistinlilere-yonelik-suclu-uygulamalarina-devam-edip-yeni-tutuklamalar-gerceklesti","status":"publish","type":"post","link":"https:\/\/archive.sana.sy\/tr\/?p=231303","title":{"rendered":"\u0130\u015fgalci \u0130srail G\u00fc\u00e7leri Filistinlilere Y\u00f6nelik Su\u00e7lu Uygulamalar\u0131na Devam Edip Yeni Tutuklamalar Ger\u00e7ekle\u015fti"},"content":{"rendered":"<p>\u0130\u015eGAL ALTINDAK\u0130 KUD\u00dcS \u2013 Bug\u00fcn \u0130srail i\u015fgal g\u00fc\u00e7leri Bat\u0131 Yaka&#8217;da \u00fc\u00e7 Filistinliyi tutuklad\u0131.<\/p>\n<p>Wafa haber ajans\u0131, i\u015fgal g\u00fc\u00e7lerinin Ram kentinin do\u011fusundaki Tubas \u015fehrine ve kuzeydeki Celazun kamp\u0131na bask\u0131n d\u00fczenledi\u011fini, Filistinlilerin evlerine bask\u0131n d\u00fczenleyip arad\u0131klar\u0131n\u0131 ve \u00fc\u00e7 ki\u015fiyi tutuklad\u0131\u011f\u0131n\u0131 bildirdi.<\/p>\n<p>Yine bug\u00fcn, \u0130srailli yerle\u015fimciler Bat\u0131 Yaka&#8217;daki Nablus&#8217;un kuzeyindeki Sebastya kasabas\u0131ndaki arkeolojik alana bask\u0131n d\u00fczenledi.<\/p>\n<p>Wafa haber ajans\u0131 Sebastya Belediyesi ba\u015fkan\u0131 Muhammed Azem\u2019den aktararak, \u201cD\u00fczinelerce yerle\u015fimci, Filistinlilerin girmesine engel olan i\u015fgal g\u00fc\u00e7lerinin a\u011f\u0131r korumas\u0131 alt\u0131nda arkeolojik alana bask\u0131n d\u00fczenledi\u201d s\u00f6yledi\u011fini belirtti.<\/p>\n<p>P.M.<\/p>\n","protected":false},"excerpt":{"rendered":"<p>\u0130\u015eGAL ALTINDAK\u0130 KUD\u00dcS \u2013 Bug\u00fcn \u0130srail i\u015fgal g\u00fc\u00e7leri Bat\u0131 Yaka&#8217;da \u00fc\u00e7 Filistinliyi tutuklad\u0131. Wafa haber ajans\u0131, i\u015fgal g\u00fc\u00e7lerinin Ram kentinin do\u011fusundaki Tubas \u015fehrine ve kuzeydeki Celazun kamp\u0131na bask\u0131n d\u00fczenledi\u011fini, Filistinlilerin evlerine bask\u0131n d\u00fczenleyip arad\u0131klar\u0131n\u0131 ve \u00fc\u00e7 ki\u015fiyi tutuklad\u0131\u011f\u0131n\u0131 bildirdi. Yine bug\u00fcn, \u0130srailli yerle\u015fimciler Bat\u0131 Yaka&#8217;daki Nablus&#8217;un kuzeyindeki Sebastya kasabas\u0131ndaki arkeolojik alana bask\u0131n d\u00fczenledi. Wafa haber &hellip;<\/p>\n","protected":false},"author":1,"featured_media":231304,"comment_status":"closed","ping_status":"closed","sticky":false,"template":"","format":"standard","meta":{"footnotes":""},"categories":[458,459,17988],"tags":[],"class_list":["post-231303","post","type-post","status-publish","format-standard","has-post-thumbnail","","category-dunya1","category-haberler-arap-uluslararasi-politika","category-son-haberler"],"_links":{"self":[{"href":"https:\/\/archive.sana.sy\/tr\/index.php?rest_route=\/wp\/v2\/posts\/231303","targetHints":{"allow":["GET"]}}],"collection":[{"href":"https:\/\/archive.sana.sy\/tr\/index.php?rest_route=\/wp\/v2\/posts"}],"about":[{"href":"https:\/\/archive.sana.sy\/tr\/index.php?rest_route=\/wp\/v2\/types\/post"}],"author":[{"embeddable":true,"href":"https:\/\/archive.sana.sy\/tr\/index.php?rest_route=\/wp\/v2\/users\/1"}],"replies":[{"embeddable":true,"href":"https:\/\/archive.sana.sy\/tr\/index.php?rest_route=%2Fwp%2Fv2%2Fcomments&post=231303"}],"version-history":[{"count":0,"href":"https:\/\/archive.sana.sy\/tr\/index.php?rest_route=\/wp\/v2\/posts\/231303\/revisions"}],"wp:featuredmedia":[{"embeddable":true,"href":"https:\/\/archive.sana.sy\/tr\/index.php?rest_route=\/wp\/v2\/media\/231304"}],"wp:attachment":[{"href":"https:\/\/archive.sana.sy\/tr\/index.php?rest_route=%2Fwp%2Fv2%2Fmedia&parent=231303"}],"wp:term":[{"taxonomy":"category","embeddable":true,"href":"https:\/\/archive.sana.sy\/tr\/index.php?rest_route=%2Fwp%2Fv2%2Fcategories&post=231303"},{"taxonomy":"post_tag","embeddable":true,"href":"https:\/\/archive.sana.sy\/tr\/index.php?rest_route=%2Fwp%2Fv2%2Ftags&post=231303"}],"curies":[{"name":"wp","href":"https:\/\/api.w.org\/{rel}","templated":true}]}}