{"id":231308,"date":"2021-04-01T14:01:06","date_gmt":"2021-04-01T11:01:06","guid":{"rendered":"http:\/\/107.6.182.27\/tr\/?p=231308"},"modified":"2021-04-03T08:43:37","modified_gmt":"2021-04-03T05:43:37","slug":"korona-salginiyla-basa-cikma-prosedurleriyle-sorumlu-hukumet-ekibi-kamu-hastanelerinin-hazir-olmasi-ve-virusun-yayildigi-alandaki-gelismelerle-basa-cikmaya-hazir-olma","status":"publish","type":"post","link":"https:\/\/archive.sana.sy\/tr\/?p=231308","title":{"rendered":"Korona Salg\u0131n\u0131yla Ba\u015fa \u00c7\u0131kma Prosed\u00fcrleriyle Sorumlu H\u00fck\u00fcmet Ekibi: Kamu Hastanelerinin Haz\u0131r Olmas\u0131 ve Vir\u00fcs\u00fcn Yay\u0131ld\u0131\u011f\u0131 Alandaki Geli\u015fmelerle Ba\u015fa \u00c7\u0131kmaya Haz\u0131r Olma.."},"content":{"rendered":"<p>\u015eAM \u2013 Korona salg\u0131n\u0131 ile m\u00fccadele prosed\u00fcrleriyle ilgilenen h\u00fck\u00fcmet ekibi, sa\u011fl\u0131k \u00e7al\u0131\u015fma sistemini g\u00fc\u00e7lendirmek ve hastaneleri Koronavir\u00fcs ile enfekte vakalar\u0131 almak i\u00e7in gerekli malzemelerle donatmak, suni solunum maskeleri ve yo\u011fun bak\u0131m yataklar\u0131n\u0131 art\u0131rmak i\u00e7in al\u0131nan kararlar\u0131n bir de\u011ferlendirmesini yapt\u0131.<\/p>\n<p>Ba\u015fbakan H\u00fcseyin Arnus ba\u015fkanl\u0131\u011f\u0131ndaki toplant\u0131da h\u00fck\u00fcmet ekibi, salg\u0131n\u0131n yay\u0131lmas\u0131n\u0131 s\u0131n\u0131rland\u0131rmak i\u00e7in al\u0131nan kararlar\u0131n titizlikle uygulanmas\u0131na vurgu yaparaken, bunlar\u0131n sahada uygulanmas\u0131n\u0131 takiben daha \u00f6nleyici tedbirler alma ve ba\u015fard\u0131klar\u0131 sonu\u00e7lar\u0131n\u0131 g\u00f6zden ge\u00e7irme \u00f6neminin alt\u0131n\u0131 \u00e7izdi.<\/p>\n<p>H\u00fck\u00fcmet ekibi, nitelikli sa\u011fl\u0131k personeli, ki\u015fisel koruyucu ekipman ve ek ventilat\u00f6rler sa\u011flama a\u00e7\u0131s\u0131ndan kamu hastanelerinin haz\u0131rl\u0131\u011f\u0131n\u0131 art\u0131rmak i\u00e7in ba\u015fta Sa\u011fl\u0131k ve Y\u00fcksek E\u011fitim bakanl\u0131klar\u0131 olmak \u00fczere t\u00fcm bakanl\u0131klar aras\u0131nda koordinasyonu vurgulad\u0131.<\/p>\n<p>H\u00fck\u00fcmet ekibi ayr\u0131ca, sa\u011fl\u0131k ve enformasyon bakanl\u0131klar\u0131ndan, korona hastalar\u0131n\u0131 tedavi etmek i\u00e7in onaylanan tedavi protokollerini ve burada meydana gelen geli\u015fmeleri tan\u0131tmak i\u00e7in bir grup uzman doktoru i\u00e7eren ulusal medya \u00fczerine haftal\u0131k seminerler d\u00fczenlemek i\u00e7in ortakla\u015fa koordine olmalar\u0131n\u0131 istedi.<\/p>\n<p>P.M.<\/p>\n<div id='gallery-1' class='gallery galleryid-231308 gallery-columns-1 gallery-size-full'><figure class='gallery-item'>\n\t\t\t<div class='gallery-icon landscape'>\n\t\t\t\t<a href='https:\/\/archive.sana.sy\/tr\/wp-content\/uploads\/2021\/04\/DHS9809-scaled.jpg'><img loading=\"lazy\" decoding=\"async\" width=\"2560\" height=\"1503\" src=\"https:\/\/archive.sana.sy\/tr\/wp-content\/uploads\/2021\/04\/DHS9809-scaled.jpg\" class=\"attachment-full size-full\" alt=\"\" srcset=\"https:\/\/archive.sana.sy\/tr\/wp-content\/uploads\/2021\/04\/DHS9809-scaled.jpg 2560w, https:\/\/archive.sana.sy\/tr\/wp-content\/uploads\/2021\/04\/DHS9809-300x176.jpg 300w, https:\/\/archive.sana.sy\/tr\/wp-content\/uploads\/2021\/04\/DHS9809-1024x601.jpg 1024w, https:\/\/archive.sana.sy\/tr\/wp-content\/uploads\/2021\/04\/DHS9809-150x88.jpg 150w, https:\/\/archive.sana.sy\/tr\/wp-content\/uploads\/2021\/04\/DHS9809-768x451.jpg 768w, https:\/\/archive.sana.sy\/tr\/wp-content\/uploads\/2021\/04\/DHS9809-1536x902.jpg 1536w, https:\/\/archive.sana.sy\/tr\/wp-content\/uploads\/2021\/04\/DHS9809-2048x1202.jpg 2048w\" sizes=\"auto, (max-width: 2560px) 100vw, 2560px\" \/><\/a>\n\t\t\t<\/div><\/figure><figure class='gallery-item'>\n\t\t\t<div class='gallery-icon landscape'>\n\t\t\t\t<a href='https:\/\/archive.sana.sy\/tr\/wp-content\/uploads\/2021\/04\/DHS9929-scaled.jpg'><img loading=\"lazy\" decoding=\"async\" width=\"2560\" height=\"1451\" src=\"https:\/\/archive.sana.sy\/tr\/wp-content\/uploads\/2021\/04\/DHS9929-scaled.jpg\" class=\"attachment-full size-full\" alt=\"\" srcset=\"https:\/\/archive.sana.sy\/tr\/wp-content\/uploads\/2021\/04\/DHS9929-scaled.jpg 2560w, https:\/\/archive.sana.sy\/tr\/wp-content\/uploads\/2021\/04\/DHS9929-300x170.jpg 300w, https:\/\/archive.sana.sy\/tr\/wp-content\/uploads\/2021\/04\/DHS9929-1024x580.jpg 1024w, https:\/\/archive.sana.sy\/tr\/wp-content\/uploads\/2021\/04\/DHS9929-150x85.jpg 150w, https:\/\/archive.sana.sy\/tr\/wp-content\/uploads\/2021\/04\/DHS9929-768x435.jpg 768w, https:\/\/archive.sana.sy\/tr\/wp-content\/uploads\/2021\/04\/DHS9929-1536x871.jpg 1536w, https:\/\/archive.sana.sy\/tr\/wp-content\/uploads\/2021\/04\/DHS9929-2048x1161.jpg 2048w\" sizes=\"auto, (max-width: 2560px) 100vw, 2560px\" \/><\/a>\n\t\t\t<\/div><\/figure>\n\t\t<\/div>\n\n","protected":false},"excerpt":{"rendered":"<p>\u015eAM \u2013 Korona salg\u0131n\u0131 ile m\u00fccadele prosed\u00fcrleriyle ilgilenen h\u00fck\u00fcmet ekibi, sa\u011fl\u0131k \u00e7al\u0131\u015fma sistemini g\u00fc\u00e7lendirmek ve hastaneleri Koronavir\u00fcs ile enfekte vakalar\u0131 almak i\u00e7in gerekli malzemelerle donatmak, suni solunum maskeleri ve yo\u011fun bak\u0131m yataklar\u0131n\u0131 art\u0131rmak i\u00e7in al\u0131nan kararlar\u0131n bir de\u011ferlendirmesini yapt\u0131. Ba\u015fbakan H\u00fcseyin Arnus ba\u015fkanl\u0131\u011f\u0131ndaki toplant\u0131da h\u00fck\u00fcmet ekibi, salg\u0131n\u0131n yay\u0131lmas\u0131n\u0131 s\u0131n\u0131rland\u0131rmak i\u00e7in al\u0131nan kararlar\u0131n titizlikle uygulanmas\u0131na vurgu &hellip;<\/p>\n","protected":false},"author":1,"featured_media":231309,"comment_status":"closed","ping_status":"closed","sticky":false,"template":"","format":"standard","meta":{"footnotes":""},"categories":[596,479,17988,478],"tags":[],"class_list":["post-231308","post","type-post","status-publish","format-standard","has-post-thumbnail","","category-fotografli-raporlar","category-haberler-yerel","category-son-haberler","category-yerel"],"_links":{"self":[{"href":"https:\/\/archive.sana.sy\/tr\/index.php?rest_route=\/wp\/v2\/posts\/231308","targetHints":{"allow":["GET"]}}],"collection":[{"href":"https:\/\/archive.sana.sy\/tr\/index.php?rest_route=\/wp\/v2\/posts"}],"about":[{"href":"https:\/\/archive.sana.sy\/tr\/index.php?rest_route=\/wp\/v2\/types\/post"}],"author":[{"embeddable":true,"href":"https:\/\/archive.sana.sy\/tr\/index.php?rest_route=\/wp\/v2\/users\/1"}],"replies":[{"embeddable":true,"href":"https:\/\/archive.sana.sy\/tr\/index.php?rest_route=%2Fwp%2Fv2%2Fcomments&post=231308"}],"version-history":[{"count":0,"href":"https:\/\/archive.sana.sy\/tr\/index.php?rest_route=\/wp\/v2\/posts\/231308\/revisions"}],"wp:featuredmedia":[{"embeddable":true,"href":"https:\/\/archive.sana.sy\/tr\/index.php?rest_route=\/wp\/v2\/media\/231309"}],"wp:attachment":[{"href":"https:\/\/archive.sana.sy\/tr\/index.php?rest_route=%2Fwp%2Fv2%2Fmedia&parent=231308"}],"wp:term":[{"taxonomy":"category","embeddable":true,"href":"https:\/\/archive.sana.sy\/tr\/index.php?rest_route=%2Fwp%2Fv2%2Fcategories&post=231308"},{"taxonomy":"post_tag","embeddable":true,"href":"https:\/\/archive.sana.sy\/tr\/index.php?rest_route=%2Fwp%2Fv2%2Ftags&post=231308"}],"curies":[{"name":"wp","href":"https:\/\/api.w.org\/{rel}","templated":true}]}}