{"id":231315,"date":"2021-04-01T13:05:07","date_gmt":"2021-04-01T10:05:07","guid":{"rendered":"http:\/\/107.6.182.27\/tr\/?p=231315"},"modified":"2021-04-02T08:51:25","modified_gmt":"2021-04-02T05:51:25","slug":"amerikan-isgal-gucleri-calinti-suriye-bugdayla-yuklu-yeni-bir-konvoy-iraka-cikardi","status":"publish","type":"post","link":"https:\/\/archive.sana.sy\/tr\/?p=231315","title":{"rendered":"Amerikan \u0130\u015fgal G\u00fc\u00e7leri \u00c7al\u0131nt\u0131 Suriye Bu\u011fdayla Y\u00fckl\u00fc Yeni Bir Konvoy Irak&#8217;a \u00c7\u0131kard\u0131"},"content":{"rendered":"<p>HASEKE \u2013 Amerikan i\u015fgal g\u00fc\u00e7leri, Haseke k\u0131rsal\u0131n\u0131n kuzeyindeki Tel Alo&#8217;nun silolar\u0131ndan Kuzey Irak&#8217;a yeni bir \u00e7al\u0131nt\u0131 Suriye bu\u011fday\u0131 partisini \u00e7\u0131kard\u0131.<\/p>\n<p>Yerel kaynaklar SANA muhabirine, ABD i\u015fgal g\u00fc\u00e7lerinin Haseke k\u0131rsal\u0131n\u0131n kuzeyinde yer alan el Yarubiye b\u00f6lgesindeki Tel Alo&#8217;daki silolardan \u00e7al\u0131nan Suriye bu\u011fday\u0131 y\u00fckl\u00fc 12 kamyondan olu\u015fan bir konvoyu Simalka s\u0131n\u0131r kap\u0131s\u0131ndan Kuzey Irak&#8217;a getirdi\u011fini s\u00f6yledi.<\/p>\n<p>P.M.<\/p>\n","protected":false},"excerpt":{"rendered":"<p>HASEKE \u2013 Amerikan i\u015fgal g\u00fc\u00e7leri, Haseke k\u0131rsal\u0131n\u0131n kuzeyindeki Tel Alo&#8217;nun silolar\u0131ndan Kuzey Irak&#8217;a yeni bir \u00e7al\u0131nt\u0131 Suriye bu\u011fday\u0131 partisini \u00e7\u0131kard\u0131. Yerel kaynaklar SANA muhabirine, ABD i\u015fgal g\u00fc\u00e7lerinin Haseke k\u0131rsal\u0131n\u0131n kuzeyinde yer alan el Yarubiye b\u00f6lgesindeki Tel Alo&#8217;daki silolardan \u00e7al\u0131nan Suriye bu\u011fday\u0131 y\u00fckl\u00fc 12 kamyondan olu\u015fan bir konvoyu Simalka s\u0131n\u0131r kap\u0131s\u0131ndan Kuzey Irak&#8217;a getirdi\u011fini s\u00f6yledi. P.M.<\/p>\n","protected":false},"author":1,"featured_media":231321,"comment_status":"closed","ping_status":"closed","sticky":false,"template":"","format":"standard","meta":{"footnotes":""},"categories":[479,575,17988,478],"tags":[],"class_list":["post-231315","post","type-post","status-publish","format-standard","has-post-thumbnail","","category-haberler-yerel","category-olaylar-ve-gercekler","category-son-haberler","category-yerel"],"_links":{"self":[{"href":"https:\/\/archive.sana.sy\/tr\/index.php?rest_route=\/wp\/v2\/posts\/231315","targetHints":{"allow":["GET"]}}],"collection":[{"href":"https:\/\/archive.sana.sy\/tr\/index.php?rest_route=\/wp\/v2\/posts"}],"about":[{"href":"https:\/\/archive.sana.sy\/tr\/index.php?rest_route=\/wp\/v2\/types\/post"}],"author":[{"embeddable":true,"href":"https:\/\/archive.sana.sy\/tr\/index.php?rest_route=\/wp\/v2\/users\/1"}],"replies":[{"embeddable":true,"href":"https:\/\/archive.sana.sy\/tr\/index.php?rest_route=%2Fwp%2Fv2%2Fcomments&post=231315"}],"version-history":[{"count":0,"href":"https:\/\/archive.sana.sy\/tr\/index.php?rest_route=\/wp\/v2\/posts\/231315\/revisions"}],"wp:featuredmedia":[{"embeddable":true,"href":"https:\/\/archive.sana.sy\/tr\/index.php?rest_route=\/wp\/v2\/media\/231321"}],"wp:attachment":[{"href":"https:\/\/archive.sana.sy\/tr\/index.php?rest_route=%2Fwp%2Fv2%2Fmedia&parent=231315"}],"wp:term":[{"taxonomy":"category","embeddable":true,"href":"https:\/\/archive.sana.sy\/tr\/index.php?rest_route=%2Fwp%2Fv2%2Fcategories&post=231315"},{"taxonomy":"post_tag","embeddable":true,"href":"https:\/\/archive.sana.sy\/tr\/index.php?rest_route=%2Fwp%2Fv2%2Ftags&post=231315"}],"curies":[{"name":"wp","href":"https:\/\/api.w.org\/{rel}","templated":true}]}}