{"id":231461,"date":"2021-04-03T19:31:56","date_gmt":"2021-04-03T16:31:56","guid":{"rendered":"http:\/\/107.6.182.27\/tr\/?p=231461"},"modified":"2021-04-05T11:33:56","modified_gmt":"2021-04-05T08:33:56","slug":"disisleri-bakanligi-amerika-birlesik-devletleri-sinirlari-icinde-ve-disinda-insan-haklarinin-en-buyuk-ihlalcisidir","status":"publish","type":"post","link":"https:\/\/archive.sana.sy\/tr\/?p=231461","title":{"rendered":"D\u0131\u015fi\u015fleri Bakanl\u0131\u011f\u0131: Amerika Birle\u015fik Devletleri, S\u0131n\u0131rlar\u0131 \u0130\u00e7inde ve D\u0131\u015f\u0131nda \u0130nsan Haklar\u0131n\u0131n En B\u00fcy\u00fck \u0130hlalcisidir"},"content":{"rendered":"<p style=\"text-align: justify;\">\u015eAM \u2013 D\u0131\u015fi\u015fleri ve Gurbet\u00e7iler Bakanl\u0131\u011f\u0131, ABD D\u0131\u015fi\u015fleri Bakanl\u0131\u011f\u0131&#8217;n\u0131n d\u00fcnyadaki insan haklar\u0131n\u0131n durumuna ili\u015fkin y\u0131ll\u0131k raporunun d\u00fcnya \u00fclkelerindeki iddia edilen ihlaller hakk\u0131nda yalanlar i\u00e7erdi\u011fini teyit ederek, i\u00e7erdi\u011fi Suriye iddialar\u0131n\u0131n hepsinin ter\u00f6r \u00f6rg\u00fctlerinin, b\u00f6lgedeki ve d\u00fcnyadaki destek\u00e7ileri ve finans\u00f6rleri raporlar\u0131ndan al\u0131nd\u0131\u011f\u0131n\u0131 belirtti.<\/p>\n<p style=\"text-align: justify;\">D\u0131\u015fi\u015fleri Bakanl\u0131\u011f\u0131\u2019n\u0131n yay\u0131nlad\u0131\u011f\u0131 ve SANA&#8217;n\u0131n bug\u00fcn bir n\u00fcshas\u0131n\u0131 ald\u0131\u011f\u0131 beyanda; \u201cABD D\u0131\u015fi\u015fleri Bakanl\u0131\u011f\u0131, d\u00fcnyadaki insan haklar\u0131n\u0131n durumuna ili\u015fkin rezil y\u0131ll\u0131k raporunu yay\u0131nlad\u0131 ve her zaman oldu\u011fu gibi, bu rapor, neredeyse d\u00fcnyadaki her \u00fclkede s\u00f6zde ihlallerin yer ald\u0131\u011f\u0131n\u0131 iddia ediyor. Bununla birlikte, rapor kendi kusurlar\u0131n\u0131 ortaya koymakta ve Amerikan y\u00f6netimine ve bu raporun yazarlar\u0131na ba\u011fl\u0131 ili\u015fkileri olmayan \u00fclkelerin i\u00e7i\u015flerine \u0131rk\u00e7\u0131l\u0131k ve bariz m\u00fcdahaleyi g\u00f6steren bu t\u00fcr raporlar\u0131n ger\u00e7ek ama\u00e7lar\u0131n\u0131 ortaya koymaktad\u0131r\u201d ifadeleri yer ald\u0131.<\/p>\n<p style=\"text-align: justify;\">D\u0131\u015fi\u015fleri Bakanl\u0131\u011f; bu raporda Suriye Arap Cumhuriyeti ve \u00f6rne\u011fin Rusya Federasyonu, K\u00fcba, \u00c7in, Venezuela, \u0130ran ve Beyaz Rusya gibi Amerika Birle\u015fik Devletleri&#8217;nin politikalar\u0131ndan memnun olmayan \u00fclkeler ele al\u0131nd\u0131\u011f\u0131nda, bu raporun bahsedilen \u00fclkelerin halklar\u0131n\u0131n ve d\u00fcnya kamuoyunun b\u00fcy\u00fck bir k\u0131sm\u0131n\u0131n if\u015fa etti\u011fi sanr\u0131 ve yalanlar\u0131nda \u00e7ok ileri gitti\u011fini s\u00f6zlerine ekledi.<\/p>\n<p style=\"text-align: justify;\">Bakanl\u0131k, Suriye Arap Cumhuriyeti ile ilgili raporda yer alan iddialar\u0131n tamam\u0131n\u0131n b\u00f6lgedeki ve d\u00fcnyadaki ter\u00f6r \u00f6rg\u00fctleri ve destek\u00e7ileri ve finans\u00f6rlerinin raporlar\u0131ndan al\u0131nd\u0131\u011f\u0131n\u0131 belirtti.<\/p>\n<p style=\"text-align: justify;\">Bakanl\u0131k, Amerika Birle\u015fik Devletleri&#8217;nin insan haklar\u0131 alan\u0131ndaki siciline bak\u0131ld\u0131\u011f\u0131nda, medya ve ileti\u015fim \u00fczerindeki b\u00fcy\u00fck kontrol\u00fcn\u00fcn bu ger\u00e7e\u011fi halk\u0131ndan gizlemesine olanak vermesi d\u0131\u015f\u0131nda, ba\u015fka hi\u00e7bir \u00fclkenin onunla rekabet etmedi\u011fini g\u00f6sterdi\u011fini belirtti. Bu ba\u011flamda beyanda devam edilirken, \u201cAmerika Birle\u015fik Devletleri, Afrikal\u0131 Amerikal\u0131 George Floyd&#8217;u t\u00fcm Amerikan halk\u0131n\u0131n ve d\u00fcnya halklar\u0131n\u0131n \u00f6n\u00fcnde \u00f6ld\u00fcrd\u00fc\u011f\u00fcnde insan haklar\u0131na sayg\u0131 duyuyor muydu?\u201d sorusu yer ald\u0131.<\/p>\n<p style=\"text-align: justify;\">D\u0131\u015fi\u015fleri Bakanl\u0131\u011f\u0131, ABD y\u00f6netiminin d\u0131\u015f politikas\u0131nda insan haklar\u0131n\u0131n bir \u00f6ncelik oldu\u011fu y\u00f6n\u00fcndeki iddias\u0131n\u0131n ikiy\u00fczl\u00fcl\u00fc\u011f\u00fcn doru\u011funu temsil etti\u011fini belirtirken, bu konuda a\u015fa\u011f\u0131daki delili verdi \u201cSuriye halk\u0131n\u0131 a\u00e7 b\u0131rakmay\u0131 ve yoksulla\u015ft\u0131rmay\u0131 ama\u00e7layan insanl\u0131k d\u0131\u015f\u0131 ekonomik ablukan\u0131n bir sonucu olarak yiyeceklerinde, sa\u011fl\u0131klar\u0131nda, i\u00e7melerinde, \u00e7evrelerinde ve hayat\u0131n \u00e7e\u015fitli alanlar\u0131nda ac\u0131 \u00e7ekiyor\u201d diyerek.<\/p>\n<p style=\"text-align: justify;\">Beyan, bu u\u011fursuz raporun, \u015fu anda Suriye petrol\u00fcn\u00fc ve bu\u011fday\u0131 a\u00e7\u0131k\u00e7a ya\u011fmalayan ABD taraf\u0131ndan finanse edilen ter\u00f6rizmin temsil etti\u011fi ve Suriye halk\u0131n\u0131n ger\u00e7ek trajedisine tam olarak de\u011finmedi\u011fine dikkat \u00e7ekti.<\/p>\n<p style=\"text-align: justify;\">Son olarak Bakanl\u0131k beyan\u0131nda; \u201cSuriye, siyasi \u00e7\u0131karlara ve hedeflere ula\u015fmak i\u00e7in insan haklar\u0131 konusunu kullanmay\u0131 reddetti\u011fini her zaman teyit ediyor. Suriye en \u00e7ok halk\u0131n\u0131n haklar\u0131na, haysiyetine ve gelece\u011fine merakl\u0131d\u0131r.Amerika Birle\u015fik Devletleri&#8217;nde oldu\u011fu gibi d\u00fcnyan\u0131n her yerinde insan haklar\u0131 ihlalleri konusunda ge\u00e7mi\u015fe sahip olanlar insan haklar\u0131 hakk\u0131nda konu\u015fma hakk\u0131na sahip de\u011fildir.<\/p>\n<p>P.M.<\/p>\n","protected":false},"excerpt":{"rendered":"<p>\u015eAM \u2013 D\u0131\u015fi\u015fleri ve Gurbet\u00e7iler Bakanl\u0131\u011f\u0131, ABD D\u0131\u015fi\u015fleri Bakanl\u0131\u011f\u0131&#8217;n\u0131n d\u00fcnyadaki insan haklar\u0131n\u0131n durumuna ili\u015fkin y\u0131ll\u0131k raporunun d\u00fcnya \u00fclkelerindeki iddia edilen ihlaller hakk\u0131nda yalanlar i\u00e7erdi\u011fini teyit ederek, i\u00e7erdi\u011fi Suriye iddialar\u0131n\u0131n hepsinin ter\u00f6r \u00f6rg\u00fctlerinin, b\u00f6lgedeki ve d\u00fcnyadaki destek\u00e7ileri ve finans\u00f6rleri raporlar\u0131ndan al\u0131nd\u0131\u011f\u0131n\u0131 belirtti. D\u0131\u015fi\u015fleri Bakanl\u0131\u011f\u0131\u2019n\u0131n yay\u0131nlad\u0131\u011f\u0131 ve SANA&#8217;n\u0131n bug\u00fcn bir n\u00fcshas\u0131n\u0131 ald\u0131\u011f\u0131 beyanda; \u201cABD D\u0131\u015fi\u015fleri Bakanl\u0131\u011f\u0131, d\u00fcnyadaki &hellip;<\/p>\n","protected":false},"author":1,"featured_media":231462,"comment_status":"closed","ping_status":"closed","sticky":false,"template":"","format":"standard","meta":{"footnotes":""},"categories":[479,17988,478],"tags":[],"class_list":["post-231461","post","type-post","status-publish","format-standard","has-post-thumbnail","","category-haberler-yerel","category-son-haberler","category-yerel"],"_links":{"self":[{"href":"https:\/\/archive.sana.sy\/tr\/index.php?rest_route=\/wp\/v2\/posts\/231461","targetHints":{"allow":["GET"]}}],"collection":[{"href":"https:\/\/archive.sana.sy\/tr\/index.php?rest_route=\/wp\/v2\/posts"}],"about":[{"href":"https:\/\/archive.sana.sy\/tr\/index.php?rest_route=\/wp\/v2\/types\/post"}],"author":[{"embeddable":true,"href":"https:\/\/archive.sana.sy\/tr\/index.php?rest_route=\/wp\/v2\/users\/1"}],"replies":[{"embeddable":true,"href":"https:\/\/archive.sana.sy\/tr\/index.php?rest_route=%2Fwp%2Fv2%2Fcomments&post=231461"}],"version-history":[{"count":0,"href":"https:\/\/archive.sana.sy\/tr\/index.php?rest_route=\/wp\/v2\/posts\/231461\/revisions"}],"wp:featuredmedia":[{"embeddable":true,"href":"https:\/\/archive.sana.sy\/tr\/index.php?rest_route=\/wp\/v2\/media\/231462"}],"wp:attachment":[{"href":"https:\/\/archive.sana.sy\/tr\/index.php?rest_route=%2Fwp%2Fv2%2Fmedia&parent=231461"}],"wp:term":[{"taxonomy":"category","embeddable":true,"href":"https:\/\/archive.sana.sy\/tr\/index.php?rest_route=%2Fwp%2Fv2%2Fcategories&post=231461"},{"taxonomy":"post_tag","embeddable":true,"href":"https:\/\/archive.sana.sy\/tr\/index.php?rest_route=%2Fwp%2Fv2%2Ftags&post=231461"}],"curies":[{"name":"wp","href":"https:\/\/api.w.org\/{rel}","templated":true}]}}