{"id":231464,"date":"2021-04-03T19:40:25","date_gmt":"2021-04-03T16:40:25","guid":{"rendered":"http:\/\/107.6.182.27\/tr\/?p=231464"},"modified":"2021-04-05T11:34:06","modified_gmt":"2021-04-05T08:34:06","slug":"anaokulu-asamasinin-ve-birinci-siniftan-dorduncu-sinifa-sonlandirildi-ve-onumuzdeki-pazartesi-gununden-itibaren-ogrencilerin-besinci-siniftan-sekizinci-ilkokul-sinifa-kadar-askiya-alindi","status":"publish","type":"post","link":"https:\/\/archive.sana.sy\/tr\/?p=231464","title":{"rendered":"Anaokulu A\u015famas\u0131n\u0131n ve Birinci S\u0131n\u0131ftan D\u00f6rd\u00fcnc\u00fc S\u0131n\u0131fa Sonland\u0131r\u0131ld\u0131 ve \u00d6n\u00fcm\u00fczdeki Pazartesi G\u00fcn\u00fcnden \u0130tibaren \u00d6\u011frencilerin Be\u015finci S\u0131n\u0131ftan Sekizinci \u0130lkokul S\u0131n\u0131fa Kadar Ask\u0131ya Al\u0131nd\u0131"},"content":{"rendered":"<p style=\"text-align: justify;\">\u015eAM \u2013 E\u011fitim Bakanl\u0131\u011f\u0131 Bug\u00fcn, 5 Nisan 2021 Pazartesi g\u00fcn\u00fcnden itibaren anaokulu ve temel e\u011fitim s\u0131n\u0131flar\u0131n\u0131n birinci s\u0131n\u0131ftan d\u00f6rd\u00fcnc\u00fc s\u0131n\u0131fa kadar sona erdi\u011fini, be\u015finci s\u0131n\u0131ftan sekizinci s\u0131n\u0131fa kadar temel e\u011fitim s\u0131n\u0131f\u0131 derslerinin ertelendi\u011fini duyurdu.<\/p>\n<p style=\"text-align: justify;\">Bakanl\u0131\u011f\u0131n yay\u0131nlad\u0131\u011f\u0131 ve SANA\u2019n\u0131n n\u00fcshas\u0131n\u0131 ald\u0131\u011f\u0131 beyanda, ilkokul ve ortaokul dokuzuncu s\u0131n\u0131f \u00f6\u011frencilerinin t\u00fcm bran\u015flar\u0131nda tam s\u0131n\u0131flara devamlar\u0131n\u0131n \u00e7al\u0131\u015fma plan\u0131na g\u00f6re devam etti\u011fini ve ortaokul birinci ve ikinci s\u0131n\u0131f ge\u00e7i\u015f s\u0131navlar\u0131n\u0131n 25-29 Nisan tarihleri \u200b\u200baras\u0131nda muhtelif bran\u015flarda yap\u0131lmas\u0131n\u0131 belirtti.<\/p>\n<p style=\"text-align: justify;\">Bakanl\u0131k, ikinci yar\u0131y\u0131l \u00e7al\u0131\u015fmalar\u0131 ile birlikte birinci yar\u0131y\u0131l sonu\u00e7lar\u0131n\u0131, anaokulu a\u015famas\u0131 ve birinci s\u0131n\u0131ftan d\u00f6rd\u00fcnc\u00fc s\u0131n\u0131fa kadar temel e\u011fitim s\u0131n\u0131flar\u0131 i\u00e7in ba\u015far\u0131 veya ba\u015far\u0131s\u0131zl\u0131k kriteri olarak &#8220;muht\u0131ra ve s\u00f6zl\u00fc&#8221; sonu\u00e7lar\u0131n\u0131 kabul edece\u011fini bildirdi.<\/p>\n<p style=\"text-align: justify;\">E\u011fitim Bakan\u0131 Deram Tabaa, SANA&#8217;ya yapt\u0131\u011f\u0131 a\u00e7\u0131klamada, \u00e7al\u0131\u015fma saatlerinin sona erdirilmesi ve ask\u0131ya al\u0131nmas\u0131 karar\u0131n\u0131n, temel e\u011fitim a\u015famas\u0131ndaki \u00f6\u011frenci ve \u00f6\u011frencilerin sekizinci s\u0131n\u0131fa kadar yetkinlik ve becerilerinin kazan\u0131lmas\u0131n\u0131n sa\u011flanmas\u0131n\u0131n ard\u0131ndan geldi\u011fini belirtirken, geri kalan \u00f6\u011frenciler i\u00e7in derslere devam edilmesinin ortaokul ve genel diploma derslerinin \u00f6nemlili\u011fi i\u00e7in geldi\u011fine i\u015faret etti.<\/p>\n<p>P.M.<\/p>\n","protected":false},"excerpt":{"rendered":"<p>\u015eAM \u2013 E\u011fitim Bakanl\u0131\u011f\u0131 Bug\u00fcn, 5 Nisan 2021 Pazartesi g\u00fcn\u00fcnden itibaren anaokulu ve temel e\u011fitim s\u0131n\u0131flar\u0131n\u0131n birinci s\u0131n\u0131ftan d\u00f6rd\u00fcnc\u00fc s\u0131n\u0131fa kadar sona erdi\u011fini, be\u015finci s\u0131n\u0131ftan sekizinci s\u0131n\u0131fa kadar temel e\u011fitim s\u0131n\u0131f\u0131 derslerinin ertelendi\u011fini duyurdu. Bakanl\u0131\u011f\u0131n yay\u0131nlad\u0131\u011f\u0131 ve SANA\u2019n\u0131n n\u00fcshas\u0131n\u0131 ald\u0131\u011f\u0131 beyanda, ilkokul ve ortaokul dokuzuncu s\u0131n\u0131f \u00f6\u011frencilerinin t\u00fcm bran\u015flar\u0131nda tam s\u0131n\u0131flara devamlar\u0131n\u0131n \u00e7al\u0131\u015fma plan\u0131na g\u00f6re &hellip;<\/p>\n","protected":false},"author":1,"featured_media":231466,"comment_status":"closed","ping_status":"closed","sticky":false,"template":"","format":"standard","meta":{"footnotes":""},"categories":[526,479,17988,525,478],"tags":[],"class_list":["post-231464","post","type-post","status-publish","format-standard","has-post-thumbnail","","category-haber-ve-raporlar","category-haberler-yerel","category-son-haberler","category-toplum","category-yerel"],"_links":{"self":[{"href":"https:\/\/archive.sana.sy\/tr\/index.php?rest_route=\/wp\/v2\/posts\/231464","targetHints":{"allow":["GET"]}}],"collection":[{"href":"https:\/\/archive.sana.sy\/tr\/index.php?rest_route=\/wp\/v2\/posts"}],"about":[{"href":"https:\/\/archive.sana.sy\/tr\/index.php?rest_route=\/wp\/v2\/types\/post"}],"author":[{"embeddable":true,"href":"https:\/\/archive.sana.sy\/tr\/index.php?rest_route=\/wp\/v2\/users\/1"}],"replies":[{"embeddable":true,"href":"https:\/\/archive.sana.sy\/tr\/index.php?rest_route=%2Fwp%2Fv2%2Fcomments&post=231464"}],"version-history":[{"count":0,"href":"https:\/\/archive.sana.sy\/tr\/index.php?rest_route=\/wp\/v2\/posts\/231464\/revisions"}],"wp:featuredmedia":[{"embeddable":true,"href":"https:\/\/archive.sana.sy\/tr\/index.php?rest_route=\/wp\/v2\/media\/231466"}],"wp:attachment":[{"href":"https:\/\/archive.sana.sy\/tr\/index.php?rest_route=%2Fwp%2Fv2%2Fmedia&parent=231464"}],"wp:term":[{"taxonomy":"category","embeddable":true,"href":"https:\/\/archive.sana.sy\/tr\/index.php?rest_route=%2Fwp%2Fv2%2Fcategories&post=231464"},{"taxonomy":"post_tag","embeddable":true,"href":"https:\/\/archive.sana.sy\/tr\/index.php?rest_route=%2Fwp%2Fv2%2Ftags&post=231464"}],"curies":[{"name":"wp","href":"https:\/\/api.w.org\/{rel}","templated":true}]}}