{"id":231468,"date":"2021-04-03T19:49:17","date_gmt":"2021-04-03T16:49:17","guid":{"rendered":"http:\/\/107.6.182.27\/tr\/?p=231468"},"modified":"2021-04-06T08:08:56","modified_gmt":"2021-04-06T05:08:56","slug":"enformasyon-bakanligi-suriyede-kismi-sokaga-cikma-yasagi-hakkinda-dolasan-haberler-dogru-degil","status":"publish","type":"post","link":"https:\/\/archive.sana.sy\/tr\/?p=231468","title":{"rendered":"Enformasyon Bakanl\u0131\u011f\u0131: Suriye&#8217;de k\u0131smi soka\u011fa \u00e7\u0131kma yasa\u011f\u0131 hakk\u0131nda dola\u015fan haberler do\u011fru de\u011fil"},"content":{"rendered":"<p style=\"text-align: justify;\">\u015eAM \u2013 Enformasyon Bakanl\u0131\u011f\u0131&#8217;ndan bir kaynak, baz\u0131 sosyal medyada Suriye&#8217;de k\u0131smi bir soka\u011fa \u00e7\u0131kma yasa\u011f\u0131 getirme karar\u0131 hakk\u0131nda dola\u015fanlar\u0131n do\u011fru olmad\u0131\u011f\u0131n\u0131 belirtti.<\/p>\n<p style=\"text-align: justify;\">Kaynak, E\u011fitim ve Y\u00fcksek \u00d6\u011fretim, Bilimsel Ara\u015ft\u0131rma, Vak\u0131flar ve Ula\u015ft\u0131rma bakanl\u0131klar\u0131nca al\u0131nan \u00f6nlemlerin sadece anaokullar\u0131nda \u00e7al\u0131\u015fma saatlerinin durdurulmas\u0131 ve birinci s\u0131n\u0131ftan d\u00f6rd\u00fcnc\u00fc s\u0131n\u0131fa kadar temel e\u011fitim \u00f6\u011frencilerinin \u00e7al\u0131\u015fma saatlerinin sekizinci s\u0131n\u0131fa kadar durdurulmas\u0131 ile ilgili oldu\u011funu, \u00fcniversite ve enstit\u00fclerdeki \u00e7al\u0131\u015fma saatlerinin iki hafta s\u00fcreyle ask\u0131ya al\u0131nmas\u0131na ili\u015fkin olduklar\u0131na i\u015faret etti.<\/p>\n<p style=\"text-align: justify;\">Kaynak, medyay\u0131 ve sosyal medya sayfalar\u0131n\u0131, resmi kurumlar taraf\u0131ndan yay\u0131nlanan haberleri benimsemeye ve vatanda\u015flarda kafa kar\u0131\u015f\u0131kl\u0131\u011f\u0131na neden olabilece\u011fi i\u00e7in dedikodulara s\u00fcr\u00fcklenmemeye \u00e7a\u011f\u0131rd\u0131.<\/p>\n<p style=\"text-align: justify;\">P.M.<\/p>\n","protected":false},"excerpt":{"rendered":"<p>\u015eAM \u2013 Enformasyon Bakanl\u0131\u011f\u0131&#8217;ndan bir kaynak, baz\u0131 sosyal medyada Suriye&#8217;de k\u0131smi bir soka\u011fa \u00e7\u0131kma yasa\u011f\u0131 getirme karar\u0131 hakk\u0131nda dola\u015fanlar\u0131n do\u011fru olmad\u0131\u011f\u0131n\u0131 belirtti. Kaynak, E\u011fitim ve Y\u00fcksek \u00d6\u011fretim, Bilimsel Ara\u015ft\u0131rma, Vak\u0131flar ve Ula\u015ft\u0131rma bakanl\u0131klar\u0131nca al\u0131nan \u00f6nlemlerin sadece anaokullar\u0131nda \u00e7al\u0131\u015fma saatlerinin durdurulmas\u0131 ve birinci s\u0131n\u0131ftan d\u00f6rd\u00fcnc\u00fc s\u0131n\u0131fa kadar temel e\u011fitim \u00f6\u011frencilerinin \u00e7al\u0131\u015fma saatlerinin sekizinci s\u0131n\u0131fa kadar durdurulmas\u0131 &hellip;<\/p>\n","protected":false},"author":1,"featured_media":231469,"comment_status":"closed","ping_status":"closed","sticky":false,"template":"","format":"standard","meta":{"footnotes":""},"categories":[479,17988,478],"tags":[],"class_list":["post-231468","post","type-post","status-publish","format-standard","has-post-thumbnail","","category-haberler-yerel","category-son-haberler","category-yerel"],"_links":{"self":[{"href":"https:\/\/archive.sana.sy\/tr\/index.php?rest_route=\/wp\/v2\/posts\/231468","targetHints":{"allow":["GET"]}}],"collection":[{"href":"https:\/\/archive.sana.sy\/tr\/index.php?rest_route=\/wp\/v2\/posts"}],"about":[{"href":"https:\/\/archive.sana.sy\/tr\/index.php?rest_route=\/wp\/v2\/types\/post"}],"author":[{"embeddable":true,"href":"https:\/\/archive.sana.sy\/tr\/index.php?rest_route=\/wp\/v2\/users\/1"}],"replies":[{"embeddable":true,"href":"https:\/\/archive.sana.sy\/tr\/index.php?rest_route=%2Fwp%2Fv2%2Fcomments&post=231468"}],"version-history":[{"count":0,"href":"https:\/\/archive.sana.sy\/tr\/index.php?rest_route=\/wp\/v2\/posts\/231468\/revisions"}],"wp:featuredmedia":[{"embeddable":true,"href":"https:\/\/archive.sana.sy\/tr\/index.php?rest_route=\/wp\/v2\/media\/231469"}],"wp:attachment":[{"href":"https:\/\/archive.sana.sy\/tr\/index.php?rest_route=%2Fwp%2Fv2%2Fmedia&parent=231468"}],"wp:term":[{"taxonomy":"category","embeddable":true,"href":"https:\/\/archive.sana.sy\/tr\/index.php?rest_route=%2Fwp%2Fv2%2Fcategories&post=231468"},{"taxonomy":"post_tag","embeddable":true,"href":"https:\/\/archive.sana.sy\/tr\/index.php?rest_route=%2Fwp%2Fv2%2Ftags&post=231468"}],"curies":[{"name":"wp","href":"https:\/\/api.w.org\/{rel}","templated":true}]}}