{"id":231857,"date":"2021-04-08T17:47:50","date_gmt":"2021-04-08T14:47:50","guid":{"rendered":"http:\/\/107.6.182.27\/tr\/?p=231857"},"modified":"2021-04-10T08:27:10","modified_gmt":"2021-04-10T05:27:10","slug":"suriye-israilin-kendi-topraklarinda-saldirilarinin-tekrarlanmasini-onlemek-icin-guvenlik-konseyini-sert-ve-acil-onlemler-almaya-cagirdi","status":"publish","type":"post","link":"https:\/\/archive.sana.sy\/tr\/?p=231857","title":{"rendered":"Suriye, \u0130srail&#8217;in Kendi Topraklar\u0131nda Sald\u0131r\u0131lar\u0131n\u0131n Tekrarlanmas\u0131n\u0131 \u00d6nlemek \u0130\u00e7in G\u00fcvenlik Konseyi&#8217;ni Sert ve Acil \u00d6nlemler Almaya \u00c7a\u011f\u0131rd\u0131"},"content":{"rendered":"<p>\u015eAM \u2013 Suriye, BM G\u00fcvenlik Konseyi&#8217;nin \u201c\u0130srail\u201din Suriye topraklar\u0131na y\u00f6nelik sald\u0131r\u0131lar\u0131n\u0131n tekrar\u0131n\u0131 \u00f6nlemek i\u00e7in s\u0131k\u0131 ve acil \u00f6nlemler almas\u0131 talebini yenileyip i\u015fgal yetkililerinin ter\u00f6r \u00f6rg\u00fctleri destekleme, Suriye ve Filistin halklar\u0131na kar\u015f\u0131 i\u015flenen su\u00e7lardan sorumlu tutulmas\u0131 gerekti\u011fini vurgulad\u0131.<\/p>\n<p>D\u0131\u015fi\u015fleri ve Gurbet\u00e7iler Bakanl\u0131\u011f\u0131 bug\u00fcn yay\u0131nlad\u0131\u011f\u0131 ve SANA&#8217;n\u0131n bir n\u00fcshas\u0131n\u0131 ald\u0131\u011f\u0131 beyan\u0131nda \u0130srail i\u015fgal yetkililerinin d\u00fcn gece yar\u0131s\u0131ndan sonra Suriye Arap Cumhuriyeti topraklar\u0131nda Birle\u015fmi\u015f Milletler T\u00fcz\u00fc\u011f\u00fc, uluslararas\u0131 hukuk ilkeleri ve ilgili G\u00fcvenlik Konseyi kararlar\u0131n\u0131 a\u00e7\u0131k\u00e7a ihlal ederek yeniden sald\u0131r\u0131 d\u00fczenledi\u011fini belirtti. Bakanl\u0131k, \u0130srail i\u015fgalinin ba\u015fkent \u015eam civar\u0131n\u0131 hedef alan sald\u0131r\u0131s\u0131n\u0131 L\u00fcbnan topraklar\u0131ndan art arda roket dalgalar\u0131 f\u0131rlatarak ger\u00e7ekle\u015ftirdi\u011fine i\u015faret etti.<\/p>\n<p>Bakanl\u0131k beyan\u0131nda, \u0130srail&#8217;in bu hain sald\u0131rganl\u0131\u011f\u0131n\u0131n, t\u00fcm d\u00fcnyaya sevgi ve bar\u0131\u015f mesaj\u0131 olarak g\u00f6rd\u00fc\u011f\u00fcm\u00fcz \u015fanl\u0131 Paskalya&#8217;y\u0131 kutlad\u0131\u011f\u0131 bir zamanda ortaya \u00e7\u0131kt\u0131\u011f\u0131na dikkat \u00e7ekerken, \u0130srail&#8217;in, Suriye&#8217;ye y\u00f6nelik sald\u0131rganl\u0131\u011f\u0131yla her seferinde bar\u0131\u015fa de\u011fil, orman kanununa inand\u0131\u011f\u0131n\u0131 kan\u0131tlad\u0131\u011f\u0131n\u0131 s\u00f6yledi. Bakanl\u0131k, \u0130srailli yetkililerin, se\u00e7imlerdeki ahlaki ve siyasi a\u00e7mazlar\u0131n\u0131 gizlemek i\u00e7in sald\u0131rganl\u0131klar\u0131n\u0131 s\u00fcrd\u00fcrme isteklilikleriyle \u00f6v\u00fcnmeye ba\u015flad\u0131klar\u0131n\u0131 not ederek, \u0130srail i\u015fgal yetkililerinin bu sald\u0131rganl\u0131klar\u0131na devam etmede, yeni ABD y\u00f6netiminin bir \u00f6nceki y\u00f6netimin pervas\u0131z politikalar\u0131n\u0131 benimsedi\u011fine ve modas\u0131 ge\u00e7mi\u015f s\u00f6m\u00fcrge zihniyetini yans\u0131tan s\u00f6zde &#8220;Br\u00fcksel 5 Konferans\u0131&#8221;n\u0131n sonu\u00e7lar\u0131 arac\u0131l\u0131\u011f\u0131yla Avrupa Birli\u011fi kapsamas\u0131na dayand\u0131klar\u0131n\u0131 belirtti.<\/p>\n<p>D\u0131\u015fi\u015fleri Bakanl\u0131\u011f\u0131, \u0130srail i\u015fgal yetkililerinin ter\u00f6r su\u00e7lar\u0131n\u0131 uygulamadaki \u0131srar\u0131 temelde ter\u00f6r \u00f6rg\u00fctlerini desteklemeyi ve Suriye Arap Ordusu ve m\u00fcttefiklerinin I\u015e\u0130D, el Nusra ve di\u011fer ter\u00f6rist gruplar\u0131 ma\u011flup etmesini \u00f6nlemeyi ama\u00e7lad\u0131\u011f\u0131n\u0131 belirtti. Bakanl\u0131k, Amerikan y\u00f6netiminin, son zamanlarda, medyas\u0131nda s\u0131k s\u0131k \u015f\u00fcpheli g\u00f6r\u00fcn\u00fcmleriyle ter\u00f6rist &#8220;Ebu Muhammed el Colani&#8221;yi rehabilite ederek baz\u0131lar\u0131n\u0131 insanla\u015ft\u0131rmaya \u00e7al\u0131\u015ft\u0131\u011f\u0131na i\u015faret ederken, bu t\u00fcr su\u00e7lar\u0131n, ku\u015fatmay\u0131 art\u0131rarak ve halk\u0131n\u0131n g\u0131da, ila\u00e7 ve yak\u0131t ge\u00e7imlerini k\u0131s\u0131tlayarak Suriye&#8217;yi ekonomik olarak bo\u011fmaya \u00e7al\u0131\u015fmak ve onu beklenen anayasal y\u00fck\u00fcml\u00fcl\u00fcklerini yerine getirmekten cayd\u0131rmak i\u00e7in \u00e7\u0131lg\u0131n Bat\u0131 kampanyas\u0131n\u0131n \u00f6nemli bir par\u00e7as\u0131 haline geldi\u011fini belirtti.<\/p>\n<p>Suriye Arap Cumhuriyeti&#8217;nin, uluslararas\u0131 me\u015fruiyet ve uluslararas\u0131 hukuk ve Birle\u015fmi\u015f Milletler ve onun kararlar\u0131 ve t\u00fcz\u00fc\u011f\u00fcne tehlikeli ve pervas\u0131z sald\u0131rgan yakla\u015f\u0131m\u0131nda &#8220;\u0130srail&#8221; in s\u00fcrd\u00fcr\u00fclmesinin, kendisine sa\u011flanan s\u0131n\u0131rs\u0131z ve s\u00fcrekli destek olmadan m\u00fcmk\u00fcn olamayaca\u011f\u0131n\u0131 teyit etti\u011fini s\u00f6zlerine ekledi. Bu ba\u011flamda Bakanl\u0131k, \u0130srail&#8217;e bu deste\u011fin \u00f6zellikle Amerikan y\u00f6netimi taraf\u0131ndan ve G\u00fcvenlik Konseyi&#8217;ndeki belli \u00fclkeler taraf\u0131ndan sa\u011flanan hesap verebilirlikten muaf tutma \u015feklinde geldi\u011fini belirtti.<\/p>\n<p>P.M.<\/p>\n","protected":false},"excerpt":{"rendered":"<p>\u015eAM \u2013 Suriye, BM G\u00fcvenlik Konseyi&#8217;nin \u201c\u0130srail\u201din Suriye topraklar\u0131na y\u00f6nelik sald\u0131r\u0131lar\u0131n\u0131n tekrar\u0131n\u0131 \u00f6nlemek i\u00e7in s\u0131k\u0131 ve acil \u00f6nlemler almas\u0131 talebini yenileyip i\u015fgal yetkililerinin ter\u00f6r \u00f6rg\u00fctleri destekleme, Suriye ve Filistin halklar\u0131na kar\u015f\u0131 i\u015flenen su\u00e7lardan sorumlu tutulmas\u0131 gerekti\u011fini vurgulad\u0131. D\u0131\u015fi\u015fleri ve Gurbet\u00e7iler Bakanl\u0131\u011f\u0131 bug\u00fcn yay\u0131nlad\u0131\u011f\u0131 ve SANA&#8217;n\u0131n bir n\u00fcshas\u0131n\u0131 ald\u0131\u011f\u0131 beyan\u0131nda \u0130srail i\u015fgal yetkililerinin d\u00fcn gece yar\u0131s\u0131ndan &hellip;<\/p>\n","protected":false},"author":1,"featured_media":231859,"comment_status":"closed","ping_status":"closed","sticky":false,"template":"","format":"standard","meta":{"footnotes":""},"categories":[479,17988,478],"tags":[],"class_list":["post-231857","post","type-post","status-publish","format-standard","has-post-thumbnail","","category-haberler-yerel","category-son-haberler","category-yerel"],"_links":{"self":[{"href":"https:\/\/archive.sana.sy\/tr\/index.php?rest_route=\/wp\/v2\/posts\/231857","targetHints":{"allow":["GET"]}}],"collection":[{"href":"https:\/\/archive.sana.sy\/tr\/index.php?rest_route=\/wp\/v2\/posts"}],"about":[{"href":"https:\/\/archive.sana.sy\/tr\/index.php?rest_route=\/wp\/v2\/types\/post"}],"author":[{"embeddable":true,"href":"https:\/\/archive.sana.sy\/tr\/index.php?rest_route=\/wp\/v2\/users\/1"}],"replies":[{"embeddable":true,"href":"https:\/\/archive.sana.sy\/tr\/index.php?rest_route=%2Fwp%2Fv2%2Fcomments&post=231857"}],"version-history":[{"count":0,"href":"https:\/\/archive.sana.sy\/tr\/index.php?rest_route=\/wp\/v2\/posts\/231857\/revisions"}],"wp:featuredmedia":[{"embeddable":true,"href":"https:\/\/archive.sana.sy\/tr\/index.php?rest_route=\/wp\/v2\/media\/231859"}],"wp:attachment":[{"href":"https:\/\/archive.sana.sy\/tr\/index.php?rest_route=%2Fwp%2Fv2%2Fmedia&parent=231857"}],"wp:term":[{"taxonomy":"category","embeddable":true,"href":"https:\/\/archive.sana.sy\/tr\/index.php?rest_route=%2Fwp%2Fv2%2Fcategories&post=231857"},{"taxonomy":"post_tag","embeddable":true,"href":"https:\/\/archive.sana.sy\/tr\/index.php?rest_route=%2Fwp%2Fv2%2Ftags&post=231857"}],"curies":[{"name":"wp","href":"https:\/\/api.w.org\/{rel}","templated":true}]}}