{"id":231868,"date":"2021-04-08T19:10:18","date_gmt":"2021-04-08T16:10:18","guid":{"rendered":"http:\/\/107.6.182.27\/tr\/?p=231868"},"modified":"2021-04-10T08:27:13","modified_gmt":"2021-04-10T05:27:13","slug":"suriye-vatandaslarini-temel-ihtiyaclari-ile-hedefleyen-zorlayici-bati-tedbirleri-kaldirma-talebini-yeniledi","status":"publish","type":"post","link":"https:\/\/archive.sana.sy\/tr\/?p=231868","title":{"rendered":"Suriye, Vatanda\u015flar\u0131n\u0131 Temel \u0130htiya\u00e7lar\u0131 \u0130le Hedefleyen Zorlay\u0131c\u0131 Bat\u0131 Tedbirleri Kald\u0131rma Talebini Yeniledi"},"content":{"rendered":"<p>NEW YORK \u2013 Suriye, Suriye halk\u0131n\u0131 temel ihtiya\u00e7lar\u0131nda hedefleyen ve \u00e7e\u015fitli ana ekonomi ve hizmet sekt\u00f6rlerinin g\u00f6revlerini etkin bir \u015fekilde yerine getirme kabiliyetini etkileyen, kendisine dayat\u0131lan tek tarafl\u0131 zorlay\u0131c\u0131 Bat\u0131 ekonomik tedbirlerini kald\u0131rma talebini yeniledi.<\/p>\n<p>Suriye&#8217;nin Birle\u015fmi\u015f Milletler Daimi Temsilcisi Bassam Sabba\u011f, bug\u00fcnk\u00fc \u201cmay\u0131n eylemi\u201d oturumunda G\u00fcvenlik Konseyi ba\u015fkanl\u0131\u011f\u0131na sundu\u011fu a\u00e7\u0131klamada, ge\u00e7ti\u011fimiz y\u0131llarda Suriye&#8217;ye kar\u015f\u0131 y\u00fcr\u00fct\u00fclen ter\u00f6rist sava\u015f\u0131n \u00e7e\u015fitli y\u00f6nlerden Suriyelilerin hayatlar\u0131na \u00fcy\u00fck etkiler b\u0131rakt\u0131\u011f\u0131n\u0131 s\u00f6yledi. Sabba\u011f, Suriye&#8217;nin geni\u015f b\u00f6lgelerinin ter\u00f6rizmden kurtar\u0131lmas\u0131na ra\u011fmen, baz\u0131 b\u00f6lgelerde ter\u00f6r \u00f6rg\u00fct\u00fc kal\u0131nt\u0131lar\u0131n\u0131n varl\u0131\u011f\u0131 ve geni\u015f arazilerin varl\u0131\u011f\u0131 nedeniyle tehlikenin vatanda\u015flar\u0131n\u0131n hayat\u0131n\u0131 her ge\u00e7en g\u00fcn etkiledi\u011fine i\u015faret ederek, daha \u00f6nceki kontrol d\u00f6nemlerinde yo\u011fun olarak \u00e7e\u015fitli tipte may\u0131n ve patlay\u0131c\u0131 yerle\u015ftirilen \u00f6rg\u00fctler, ter\u00f6rden kurtulduktan sonra b\u00f6lgelerine ve evlerine d\u00f6nen ailelerden \u00e7ocuklar dahil binlerce sivilin kayb\u0131na neden oldu\u011funu dile getirdi.<\/p>\n<p>Sabba\u011f, Suriye&#8217;nin vatanda\u015flar\u0131n\u0131 may\u0131nlardan ve patlay\u0131c\u0131 kal\u0131nt\u0131lardan koruma g\u00f6revini birinci \u00f6ncelik haline getirdi\u011fini, tehlikeleri konusunda fark\u0131ndal\u0131k yaratmak, onlar\u0131 ortadan kald\u0131rmak ve ma\u011fdurlar\u0131na yard\u0131m etmek i\u00e7in b\u00fcy\u00fck \u00e7aba g\u00f6sterdi\u011fini belirtti. Bu ba\u011flamda devam ederek Sabba\u011f, Suriye Arap Ordusu&#8217;ndaki ilgili ekipler, Rus taraf\u0131n\u0131n da deste\u011fiyle, kurtar\u0131lm\u0131\u015f bir\u00e7ok b\u00f6lgeden may\u0131nlar\u0131n kald\u0131r\u0131lmas\u0131 i\u00e7in acil planlar uygulad\u0131\u011f\u0131n\u0131 ve Ermenistan da bu alanda Suriye&#8217;ye destek sa\u011flad\u0131\u011f\u0131n\u0131 belirtirken, \u201cBununla birlikte, bu \u00e7abalar, may\u0131nlarla kirlenmi\u015f alanlar\u0131n geni\u015flemesi, teknik ekipman ve ilgili geli\u015fmi\u015f mekanizmalar\u0131n eksikli\u011fi, finansal kaynaklar\u0131n yetersizli\u011fi ve Suriye halk\u0131na dayat\u0131lan zorlay\u0131c\u0131 Bat\u0131l\u0131 tedbirler nedeniyle \u00e7ok zorluklara kar\u015f\u0131la\u015fmaktad\u0131r\u201d dedi.<\/p>\n<p>Sabba\u011f, 4 Temmuz 2018&#8217;de Suriye&#8217;nin uzmanl\u0131\u011f\u0131ndan yararlanmak, may\u0131n ve patlamam\u0131\u015f m\u00fchimmatla kirlenmi\u015f alanlar\u0131 temizlemek i\u00e7in gereken malzeme ve teknik deste\u011fi sa\u011flamak amac\u0131yla Birle\u015fmi\u015f Milletler May\u0131n Eylem Servisi UNMAS ile resmi bir anla\u015fma imzalad\u0131\u011f\u0131na i\u015faret ederken, Suriye\u2019nin \u201cdefalarca UNMAS direkt\u00f6r\u00fc Agnes Markayo ve ekibini kabul ederek ortak i\u015fbirli\u011fini ve onu geli\u015ftirmenin yollar\u0131n\u0131 tart\u0131\u015ft\u0131lar ve Suriye, UNMAS&#8217;\u0131n kendi topraklar\u0131nda \u00e7al\u0131\u015fmas\u0131 i\u00e7in gerekli t\u00fcm olanaklar\u0131 sa\u011flad\u0131\u201d ifadeleri kulland\u0131.<\/p>\n<p>Sabba\u011f, Suriye&#8217;nin UNICEF, UNMAS gibi bir dizi uzmanla\u015fm\u0131\u015f Birle\u015fmi\u015f Milletler ajans\u0131 ve Uluslararas\u0131 K\u0131z\u0131lha\u00e7 Komitesi ve insani yard\u0131m ortaklar\u0131 da dahil olmak \u00fczere uluslararas\u0131 kurulu\u015flarla i\u015fbirli\u011fi i\u00e7inde, n\u00fcfusu patlamam\u0131\u015f m\u00fchimmat ve may\u0131nlar\u0131n tehlikeleri konusunda fark\u0131ndal\u0131k yaratmak ve bilin\u00e7lendirme kampanyalar\u0131 d\u00fczenlemek i\u00e7in b\u00fcy\u00fck \u00e7aba sarf etti\u011fine dikkat \u00e7ekti.<\/p>\n<p>Suriye&#8217;nin Birle\u015fmi\u015f Milletler Daimi Temsilcisi, bu ba\u011flamda herhangi bir yard\u0131m\u0131n may\u0131n temizleme operasyonlar\u0131n\u0131n insani niteli\u011fiyle tutars\u0131z Bat\u0131 \u00fclkeleri taraf\u0131ndan siyasi ko\u015fullara ba\u011flanmas\u0131ndan kaynaklanan b\u00fcy\u00fck engeller nedeniyle Suriye&#8217;deki may\u0131nlar\u0131 temizlemek i\u00e7in fiili saha \u00e7al\u0131\u015fmas\u0131n\u0131n gerekli seviyenin alt\u0131nda kald\u0131\u011f\u0131n\u0131 belirtti.<\/p>\n<p>Sabba\u011f, Suriye h\u00fck\u00fcmetinin engelli ki\u015filerin kapsaml\u0131 geli\u015fimi i\u00e7in y\u00fcr\u00fctt\u00fc\u011f\u00fc \u00e7abalar\u0131n ulusal koordinat\u00f6r\u00fc olan Sosyal \u0130\u015fler ve \u00c7al\u0131\u015fma Bakanl\u0131\u011f\u0131&#8217;n\u0131n, may\u0131nlardan etkilenen, fiziksel engellere veya deformitelere veya uzuvlar\u0131n\u0131 kaybetmeye maruz kalm\u0131\u015f vatanda\u015flar\u0131n ihtiya\u00e7lar\u0131na y\u00f6nelik m\u00fcdahaleyi koordine etmek i\u00e7in \u00e7al\u0131\u015ft\u0131\u011f\u0131na dikkat \u00e7ekti. Bunun yan\u0131 s\u0131ra Sabba\u011f, Sa\u011fl\u0131k Bakanl\u0131\u011f\u0131\u2019n\u0131n, onlara sa\u011fl\u0131k hizmeti sa\u011flamak i\u00e7in b\u00fcy\u00fck \u00e7aba sarf etti\u011fini ve Suriye&#8217;nin e\u011fitim, \u00e7al\u0131\u015fma ve uygun sa\u011fl\u0131k hizmeti f\u0131rsatlar\u0131na eri\u015fimlerini kolayla\u015ft\u0131rmak i\u00e7in bir dizi yasa ve \u00f6nlem benimsedi\u011fini belirtti.<\/p>\n<p>Sabba\u011f, Suriye&#8217;nin kendisine uygulanan tek tarafl\u0131 Bat\u0131 zorlay\u0131c\u0131 \u00f6nlemlerini kald\u0131rma ve may\u0131nlar\u0131 temizlemek ve UNMAS ile kararla\u015ft\u0131r\u0131lan \u00e7al\u0131\u015fma programlar\u0131n\u0131 Suriye h\u00fck\u00fcmeti ile do\u011frudan koordinasyon i\u00e7inde uygulamak i\u00e7in gereken uluslararas\u0131 destek ve mali ve teknik kaynaklar\u0131 sa\u011flama talebini yeniledi.<\/p>\n<p>P.M.<\/p>\n","protected":false},"excerpt":{"rendered":"<p>NEW YORK \u2013 Suriye, Suriye halk\u0131n\u0131 temel ihtiya\u00e7lar\u0131nda hedefleyen ve \u00e7e\u015fitli ana ekonomi ve hizmet sekt\u00f6rlerinin g\u00f6revlerini etkin bir \u015fekilde yerine getirme kabiliyetini etkileyen, kendisine dayat\u0131lan tek tarafl\u0131 zorlay\u0131c\u0131 Bat\u0131 ekonomik tedbirlerini kald\u0131rma talebini yeniledi. Suriye&#8217;nin Birle\u015fmi\u015f Milletler Daimi Temsilcisi Bassam Sabba\u011f, bug\u00fcnk\u00fc \u201cmay\u0131n eylemi\u201d oturumunda G\u00fcvenlik Konseyi ba\u015fkanl\u0131\u011f\u0131na sundu\u011fu a\u00e7\u0131klamada, ge\u00e7ti\u011fimiz y\u0131llarda Suriye&#8217;ye kar\u015f\u0131 &hellip;<\/p>\n","protected":false},"author":1,"featured_media":231869,"comment_status":"closed","ping_status":"closed","sticky":false,"template":"","format":"standard","meta":{"footnotes":""},"categories":[458,459,17988],"tags":[],"class_list":["post-231868","post","type-post","status-publish","format-standard","has-post-thumbnail","","category-dunya1","category-haberler-arap-uluslararasi-politika","category-son-haberler"],"_links":{"self":[{"href":"https:\/\/archive.sana.sy\/tr\/index.php?rest_route=\/wp\/v2\/posts\/231868","targetHints":{"allow":["GET"]}}],"collection":[{"href":"https:\/\/archive.sana.sy\/tr\/index.php?rest_route=\/wp\/v2\/posts"}],"about":[{"href":"https:\/\/archive.sana.sy\/tr\/index.php?rest_route=\/wp\/v2\/types\/post"}],"author":[{"embeddable":true,"href":"https:\/\/archive.sana.sy\/tr\/index.php?rest_route=\/wp\/v2\/users\/1"}],"replies":[{"embeddable":true,"href":"https:\/\/archive.sana.sy\/tr\/index.php?rest_route=%2Fwp%2Fv2%2Fcomments&post=231868"}],"version-history":[{"count":0,"href":"https:\/\/archive.sana.sy\/tr\/index.php?rest_route=\/wp\/v2\/posts\/231868\/revisions"}],"wp:featuredmedia":[{"embeddable":true,"href":"https:\/\/archive.sana.sy\/tr\/index.php?rest_route=\/wp\/v2\/media\/231869"}],"wp:attachment":[{"href":"https:\/\/archive.sana.sy\/tr\/index.php?rest_route=%2Fwp%2Fv2%2Fmedia&parent=231868"}],"wp:term":[{"taxonomy":"category","embeddable":true,"href":"https:\/\/archive.sana.sy\/tr\/index.php?rest_route=%2Fwp%2Fv2%2Fcategories&post=231868"},{"taxonomy":"post_tag","embeddable":true,"href":"https:\/\/archive.sana.sy\/tr\/index.php?rest_route=%2Fwp%2Fv2%2Ftags&post=231868"}],"curies":[{"name":"wp","href":"https:\/\/api.w.org\/{rel}","templated":true}]}}