{"id":231885,"date":"2021-04-09T08:29:20","date_gmt":"2021-04-09T05:29:20","guid":{"rendered":"http:\/\/107.6.182.27\/tr\/?p=231885"},"modified":"2021-04-10T08:27:17","modified_gmt":"2021-04-10T05:27:17","slug":"saglik-bakanligi-yeni-122-koronavirus-117-sifa-10-vefat-vakasi-kaydedildi","status":"publish","type":"post","link":"https:\/\/archive.sana.sy\/tr\/?p=231885","title":{"rendered":"Sa\u011fl\u0131k Bakanl\u0131\u011f\u0131, Yeni 122 Koronavir\u00fcs, 117 \u015eifa, 10 Vefat Vakas\u0131 Kaydedildi"},"content":{"rendered":"<p>\u015eAM \u2013 Sa\u011fl\u0131k Bakanl\u0131\u011f\u0131, yeni 122 koronavir\u00fcs vakas\u0131n\u0131n tescil edildi\u011fini, tescil edilen vakalardan 117\u2019sinin \u015fifa buldu\u011funu, 10\u2019unun da vefat etti\u011fini ilan etti.<\/p>\n<p>Bakanl\u0131k yay\u0131nlad\u0131\u011f\u0131 ve SANA\u2019n\u0131n bir n\u00fcshas\u0131n\u0131 ald\u0131\u011f\u0131 beyanda, Suriye\u2019de tescil edilen vaka say\u0131s\u0131n\u0131n bug\u00fcne kadar 19883\u2019e y\u00fckseldi\u011fini, bunlardan 13666\u2019s\u0131n\u0131n iyile\u015fti\u011fini, 1352\u2019sinin de vefat etti\u011fine i\u015faret etti.<\/p>\n<p>\u00c7eviri: M.Y<\/p>\n","protected":false},"excerpt":{"rendered":"<p>\u015eAM \u2013 Sa\u011fl\u0131k Bakanl\u0131\u011f\u0131, yeni 122 koronavir\u00fcs vakas\u0131n\u0131n tescil edildi\u011fini, tescil edilen vakalardan 117\u2019sinin \u015fifa buldu\u011funu, 10\u2019unun da vefat etti\u011fini ilan etti. Bakanl\u0131k yay\u0131nlad\u0131\u011f\u0131 ve SANA\u2019n\u0131n bir n\u00fcshas\u0131n\u0131 ald\u0131\u011f\u0131 beyanda, Suriye\u2019de tescil edilen vaka say\u0131s\u0131n\u0131n bug\u00fcne kadar 19883\u2019e y\u00fckseldi\u011fini, bunlardan 13666\u2019s\u0131n\u0131n iyile\u015fti\u011fini, 1352\u2019sinin de vefat etti\u011fine i\u015faret etti. \u00c7eviri: M.Y<\/p>\n","protected":false},"author":36,"featured_media":231886,"comment_status":"closed","ping_status":"closed","sticky":false,"template":"","format":"standard","meta":{"footnotes":""},"categories":[526,479,17988,525,478],"tags":[],"class_list":["post-231885","post","type-post","status-publish","format-standard","has-post-thumbnail","","category-haber-ve-raporlar","category-haberler-yerel","category-son-haberler","category-toplum","category-yerel"],"_links":{"self":[{"href":"https:\/\/archive.sana.sy\/tr\/index.php?rest_route=\/wp\/v2\/posts\/231885","targetHints":{"allow":["GET"]}}],"collection":[{"href":"https:\/\/archive.sana.sy\/tr\/index.php?rest_route=\/wp\/v2\/posts"}],"about":[{"href":"https:\/\/archive.sana.sy\/tr\/index.php?rest_route=\/wp\/v2\/types\/post"}],"author":[{"embeddable":true,"href":"https:\/\/archive.sana.sy\/tr\/index.php?rest_route=\/wp\/v2\/users\/36"}],"replies":[{"embeddable":true,"href":"https:\/\/archive.sana.sy\/tr\/index.php?rest_route=%2Fwp%2Fv2%2Fcomments&post=231885"}],"version-history":[{"count":0,"href":"https:\/\/archive.sana.sy\/tr\/index.php?rest_route=\/wp\/v2\/posts\/231885\/revisions"}],"wp:featuredmedia":[{"embeddable":true,"href":"https:\/\/archive.sana.sy\/tr\/index.php?rest_route=\/wp\/v2\/media\/231886"}],"wp:attachment":[{"href":"https:\/\/archive.sana.sy\/tr\/index.php?rest_route=%2Fwp%2Fv2%2Fmedia&parent=231885"}],"wp:term":[{"taxonomy":"category","embeddable":true,"href":"https:\/\/archive.sana.sy\/tr\/index.php?rest_route=%2Fwp%2Fv2%2Fcategories&post=231885"},{"taxonomy":"post_tag","embeddable":true,"href":"https:\/\/archive.sana.sy\/tr\/index.php?rest_route=%2Fwp%2Fv2%2Ftags&post=231885"}],"curies":[{"name":"wp","href":"https:\/\/api.w.org\/{rel}","templated":true}]}}