{"id":231902,"date":"2021-04-09T11:41:50","date_gmt":"2021-04-09T08:41:50","guid":{"rendered":"http:\/\/107.6.182.27\/tr\/?p=231902"},"modified":"2021-04-10T08:27:23","modified_gmt":"2021-04-10T05:27:23","slug":"deyrezzor-kirsalinda-dsg-milislerine-tabi-bir-karargah-saldiriya-ugradi","status":"publish","type":"post","link":"https:\/\/archive.sana.sy\/tr\/?p=231902","title":{"rendered":"Deyrezzor K\u0131rsal\u0131nda \u201cDSG\u201d Milislerine Tabi Bir Karargah Sald\u0131r\u0131ya U\u011frad\u0131"},"content":{"rendered":"<p>DEYREZZOR \u2013 Deyrezzor k\u0131rsal\u0131nda yer alan el \u015eehil beldesindeki karargahlar\u0131ndan birini hedef alan sald\u0131r\u0131da i\u015fgalci Amerikan g\u00fc\u00e7leri taraf\u0131ndan desteklenen &#8220;DSG&#8221; milislerinden birka\u00e7 silahl\u0131 yaraland\u0131.<\/p>\n<p>Yerel kaynaklar SANA muhabirine yapt\u0131\u011f\u0131 a\u00e7\u0131klamada; Deyrezzor k\u0131rsal\u0131n\u0131n do\u011fusunda yer alan El \u015eehil beldesindeki El \u015eebeke okulunda kurdu\u011fu &#8220;DSG milislerinin&#8221; karargah\u0131na motosikletli silahl\u0131 ki\u015filerin otomatik silahlarla hedef ald\u0131\u011f\u0131n\u0131 belirtirken, \u200bbunun sonucunda birka\u00e7 silahl\u0131n\u0131n yaraland\u0131\u011f\u0131na i\u015faret etti<\/p>\n<p>\u00c7eviri: M.Y<\/p>\n","protected":false},"excerpt":{"rendered":"<p>DEYREZZOR \u2013 Deyrezzor k\u0131rsal\u0131nda yer alan el \u015eehil beldesindeki karargahlar\u0131ndan birini hedef alan sald\u0131r\u0131da i\u015fgalci Amerikan g\u00fc\u00e7leri taraf\u0131ndan desteklenen &#8220;DSG&#8221; milislerinden birka\u00e7 silahl\u0131 yaraland\u0131. Yerel kaynaklar SANA muhabirine yapt\u0131\u011f\u0131 a\u00e7\u0131klamada; Deyrezzor k\u0131rsal\u0131n\u0131n do\u011fusunda yer alan El \u015eehil beldesindeki El \u015eebeke okulunda kurdu\u011fu &#8220;DSG milislerinin&#8221; karargah\u0131na motosikletli silahl\u0131 ki\u015filerin otomatik silahlarla hedef ald\u0131\u011f\u0131n\u0131 belirtirken, \u200bbunun sonucunda &hellip;<\/p>\n","protected":false},"author":36,"featured_media":231903,"comment_status":"closed","ping_status":"closed","sticky":false,"template":"","format":"standard","meta":{"footnotes":""},"categories":[479,575,17988,478],"tags":[],"class_list":["post-231902","post","type-post","status-publish","format-standard","has-post-thumbnail","","category-haberler-yerel","category-olaylar-ve-gercekler","category-son-haberler","category-yerel"],"_links":{"self":[{"href":"https:\/\/archive.sana.sy\/tr\/index.php?rest_route=\/wp\/v2\/posts\/231902","targetHints":{"allow":["GET"]}}],"collection":[{"href":"https:\/\/archive.sana.sy\/tr\/index.php?rest_route=\/wp\/v2\/posts"}],"about":[{"href":"https:\/\/archive.sana.sy\/tr\/index.php?rest_route=\/wp\/v2\/types\/post"}],"author":[{"embeddable":true,"href":"https:\/\/archive.sana.sy\/tr\/index.php?rest_route=\/wp\/v2\/users\/36"}],"replies":[{"embeddable":true,"href":"https:\/\/archive.sana.sy\/tr\/index.php?rest_route=%2Fwp%2Fv2%2Fcomments&post=231902"}],"version-history":[{"count":0,"href":"https:\/\/archive.sana.sy\/tr\/index.php?rest_route=\/wp\/v2\/posts\/231902\/revisions"}],"wp:featuredmedia":[{"embeddable":true,"href":"https:\/\/archive.sana.sy\/tr\/index.php?rest_route=\/wp\/v2\/media\/231903"}],"wp:attachment":[{"href":"https:\/\/archive.sana.sy\/tr\/index.php?rest_route=%2Fwp%2Fv2%2Fmedia&parent=231902"}],"wp:term":[{"taxonomy":"category","embeddable":true,"href":"https:\/\/archive.sana.sy\/tr\/index.php?rest_route=%2Fwp%2Fv2%2Fcategories&post=231902"},{"taxonomy":"post_tag","embeddable":true,"href":"https:\/\/archive.sana.sy\/tr\/index.php?rest_route=%2Fwp%2Fv2%2Ftags&post=231902"}],"curies":[{"name":"wp","href":"https:\/\/api.w.org\/{rel}","templated":true}]}}