{"id":231987,"date":"2021-04-11T08:05:54","date_gmt":"2021-04-11T05:05:54","guid":{"rendered":"http:\/\/107.6.182.27\/tr\/?p=231987"},"modified":"2021-04-12T14:20:35","modified_gmt":"2021-04-12T11:20:35","slug":"cumhurbaskani-el-esad-moritanya-ve-arjantinin-sama-atadiklari-yeni-buyukelcilerini-kabul-etti","status":"publish","type":"post","link":"https:\/\/archive.sana.sy\/tr\/?p=231987","title":{"rendered":"Cumhurba\u015fkan\u0131 El Esad, Moritanya ve Arjantin\u2019in \u015eam&#8217;a Atad\u0131klar\u0131 Yeni B\u00fcy\u00fckel\u00e7ilerini Kabul Etti"},"content":{"rendered":"<p style=\"text-align: justify;\">\u015eAM \u2013 Cumhurba\u015fkan\u0131 Be\u015f\u015far el Esad bug\u00fcn, Moritanya \u0130slam Cumhuriyeti B\u00fcy\u00fckel\u00e7isi olarak Ahmed Adi Muhammed el Razi&#8217;nin ve Arjantin Cumhuriyeti&#8217;nin Suriye Arap Cumhuriyeti B\u00fcy\u00fckel\u00e7isi olarak Sebastian Zavala&#8217;n\u0131n g\u00fcven mektuplar\u0131n\u0131 kabul etti.<\/p>\n<p style=\"text-align: justify;\">Cumhurba\u015fkan\u0131 el Esad, iki b\u00fcy\u00fckel\u00e7iyi ayr\u0131 ayr\u0131 kabul ederek, onlarla g\u00f6r\u00fc\u015fmelerde bulunup\u00a0 g\u00f6revlerinde ba\u015far\u0131lar diledi.<\/p>\n<p style=\"text-align: justify;\">Her zamanki t\u00f6renle iki b\u00fcy\u00fckel\u00e7i Halk Saray\u0131&#8217;nda kabul edildi.<\/p>\n<p style=\"text-align: justify;\">G\u00fcven mektuplar\u0131 teslim alma t\u00f6renine D\u0131\u015fi\u015fleri ve Gurbet\u00e7iler Bakan\u0131 Feysal el Mikdad ve Cumhurba\u015fkanl\u0131\u011f\u0131 \u0130\u015fleri Bakan\u0131 Mansur Azzam kat\u0131ld\u0131.<\/p>\n<p>P.M.<\/p>\n","protected":false},"excerpt":{"rendered":"<p>\u015eAM \u2013 Cumhurba\u015fkan\u0131 Be\u015f\u015far el Esad bug\u00fcn, Moritanya \u0130slam Cumhuriyeti B\u00fcy\u00fckel\u00e7isi olarak Ahmed Adi Muhammed el Razi&#8217;nin ve Arjantin Cumhuriyeti&#8217;nin Suriye Arap Cumhuriyeti B\u00fcy\u00fckel\u00e7isi olarak Sebastian Zavala&#8217;n\u0131n g\u00fcven mektuplar\u0131n\u0131 kabul etti. Cumhurba\u015fkan\u0131 el Esad, iki b\u00fcy\u00fckel\u00e7iyi ayr\u0131 ayr\u0131 kabul ederek, onlarla g\u00f6r\u00fc\u015fmelerde bulunup\u00a0 g\u00f6revlerinde ba\u015far\u0131lar diledi. Her zamanki t\u00f6renle iki b\u00fcy\u00fckel\u00e7i Halk Saray\u0131&#8217;nda kabul edildi. &hellip;<\/p>\n","protected":false},"author":1,"featured_media":231988,"comment_status":"closed","ping_status":"closed","sticky":false,"template":"","format":"standard","meta":{"footnotes":""},"categories":[606,608,479,17988,478],"tags":[],"class_list":["post-231987","post","type-post","status-publish","format-standard","has-post-thumbnail","","category-cumhurbaskani","category-etkinlikler","category-haberler-yerel","category-son-haberler","category-yerel"],"_links":{"self":[{"href":"https:\/\/archive.sana.sy\/tr\/index.php?rest_route=\/wp\/v2\/posts\/231987","targetHints":{"allow":["GET"]}}],"collection":[{"href":"https:\/\/archive.sana.sy\/tr\/index.php?rest_route=\/wp\/v2\/posts"}],"about":[{"href":"https:\/\/archive.sana.sy\/tr\/index.php?rest_route=\/wp\/v2\/types\/post"}],"author":[{"embeddable":true,"href":"https:\/\/archive.sana.sy\/tr\/index.php?rest_route=\/wp\/v2\/users\/1"}],"replies":[{"embeddable":true,"href":"https:\/\/archive.sana.sy\/tr\/index.php?rest_route=%2Fwp%2Fv2%2Fcomments&post=231987"}],"version-history":[{"count":0,"href":"https:\/\/archive.sana.sy\/tr\/index.php?rest_route=\/wp\/v2\/posts\/231987\/revisions"}],"wp:featuredmedia":[{"embeddable":true,"href":"https:\/\/archive.sana.sy\/tr\/index.php?rest_route=\/wp\/v2\/media\/231988"}],"wp:attachment":[{"href":"https:\/\/archive.sana.sy\/tr\/index.php?rest_route=%2Fwp%2Fv2%2Fmedia&parent=231987"}],"wp:term":[{"taxonomy":"category","embeddable":true,"href":"https:\/\/archive.sana.sy\/tr\/index.php?rest_route=%2Fwp%2Fv2%2Fcategories&post=231987"},{"taxonomy":"post_tag","embeddable":true,"href":"https:\/\/archive.sana.sy\/tr\/index.php?rest_route=%2Fwp%2Fv2%2Ftags&post=231987"}],"curies":[{"name":"wp","href":"https:\/\/api.w.org\/{rel}","templated":true}]}}