{"id":232020,"date":"2021-04-13T18:07:44","date_gmt":"2021-04-13T15:07:44","guid":{"rendered":"http:\/\/107.6.182.27\/tr\/?p=232020"},"modified":"2021-04-14T17:06:30","modified_gmt":"2021-04-14T14:06:30","slug":"rasul-aynin-yakininda-bombali-eylem-kiralik-teroristlerden-yaralilar-dustu","status":"publish","type":"post","link":"https:\/\/archive.sana.sy\/tr\/?p=232020","title":{"rendered":"Rasul Ayn\u2019\u0131n Yak\u0131n\u0131nda Bombal\u0131 Eylem&#8230; Kiral\u0131k Ter\u00f6ristlerden Yaral\u0131lar D\u00fc\u015ft\u00fc.."},"content":{"rendered":"<p>HASEKE \u2013 Haseke k\u0131rsal\u0131n\u0131n kuzeybat\u0131s\u0131ndaki Rasul Ayn Kentinin civar\u0131nda bomba d\u00fczene\u011fi patlamas\u0131 sonucunda T\u00fcrk i\u015fgalinden destekli kiral\u0131k ter\u00f6ristlerden bir ka\u00e7 unsur yaraland\u0131.<\/p>\n<p>SANA\u2019n\u0131n Haseke muhabiri yerel kaynaklardan aktararak, Rasul Ayn kentinin bat\u0131s\u0131nda el Nasiriye k\u00f6y\u00fcn\u00fcn y\u00f6n\u00fcnden gelen ve i\u00e7inde \u00e7antada yerle\u015ftirilen bomban\u0131n bulundu\u011fu bir arac\u0131n\u0131n T\u00fcrk i\u015fgalinin kiral\u0131k ter\u00f6ristleri toplama noktas\u0131na ula\u015fmadan patlad\u0131\u011f\u0131n\u0131 belirtti. Muhabir, patlama sonucunda birka\u00e7 kiral\u0131k ter\u00f6ristin yaraland\u0131\u011f\u0131n\u0131 ve olay yerinde maddi hasarlara yol a\u00e7\u0131ld\u0131\u011f\u0131n\u0131 s\u00f6zlerine ekledi.<\/p>\n<p>Kaynaklar ayr\u0131ca, patlaman\u0131n yer almas\u0131ndan sonra T\u00fcrk i\u015fgalinin kiral\u0131k ter\u00f6ristlerinin olay yerine ku\u015fatma alt\u0131na al\u0131p ve T\u00fcrk amb\u00fclanslar\u0131n ula\u015ft\u0131\u011f\u0131na i\u015faret etti.<\/p>\n<p>P.M.<\/p>\n","protected":false},"excerpt":{"rendered":"<p>HASEKE \u2013 Haseke k\u0131rsal\u0131n\u0131n kuzeybat\u0131s\u0131ndaki Rasul Ayn Kentinin civar\u0131nda bomba d\u00fczene\u011fi patlamas\u0131 sonucunda T\u00fcrk i\u015fgalinden destekli kiral\u0131k ter\u00f6ristlerden bir ka\u00e7 unsur yaraland\u0131. SANA\u2019n\u0131n Haseke muhabiri yerel kaynaklardan aktararak, Rasul Ayn kentinin bat\u0131s\u0131nda el Nasiriye k\u00f6y\u00fcn\u00fcn y\u00f6n\u00fcnden gelen ve i\u00e7inde \u00e7antada yerle\u015ftirilen bomban\u0131n bulundu\u011fu bir arac\u0131n\u0131n T\u00fcrk i\u015fgalinin kiral\u0131k ter\u00f6ristleri toplama noktas\u0131na ula\u015fmadan patlad\u0131\u011f\u0131n\u0131 belirtti. Muhabir, &hellip;<\/p>\n","protected":false},"author":1,"featured_media":232022,"comment_status":"closed","ping_status":"closed","sticky":false,"template":"","format":"standard","meta":{"footnotes":""},"categories":[479,575,17988,478],"tags":[],"class_list":["post-232020","post","type-post","status-publish","format-standard","has-post-thumbnail","","category-haberler-yerel","category-olaylar-ve-gercekler","category-son-haberler","category-yerel"],"_links":{"self":[{"href":"https:\/\/archive.sana.sy\/tr\/index.php?rest_route=\/wp\/v2\/posts\/232020","targetHints":{"allow":["GET"]}}],"collection":[{"href":"https:\/\/archive.sana.sy\/tr\/index.php?rest_route=\/wp\/v2\/posts"}],"about":[{"href":"https:\/\/archive.sana.sy\/tr\/index.php?rest_route=\/wp\/v2\/types\/post"}],"author":[{"embeddable":true,"href":"https:\/\/archive.sana.sy\/tr\/index.php?rest_route=\/wp\/v2\/users\/1"}],"replies":[{"embeddable":true,"href":"https:\/\/archive.sana.sy\/tr\/index.php?rest_route=%2Fwp%2Fv2%2Fcomments&post=232020"}],"version-history":[{"count":0,"href":"https:\/\/archive.sana.sy\/tr\/index.php?rest_route=\/wp\/v2\/posts\/232020\/revisions"}],"wp:featuredmedia":[{"embeddable":true,"href":"https:\/\/archive.sana.sy\/tr\/index.php?rest_route=\/wp\/v2\/media\/232022"}],"wp:attachment":[{"href":"https:\/\/archive.sana.sy\/tr\/index.php?rest_route=%2Fwp%2Fv2%2Fmedia&parent=232020"}],"wp:term":[{"taxonomy":"category","embeddable":true,"href":"https:\/\/archive.sana.sy\/tr\/index.php?rest_route=%2Fwp%2Fv2%2Fcategories&post=232020"},{"taxonomy":"post_tag","embeddable":true,"href":"https:\/\/archive.sana.sy\/tr\/index.php?rest_route=%2Fwp%2Fv2%2Ftags&post=232020"}],"curies":[{"name":"wp","href":"https:\/\/api.w.org\/{rel}","templated":true}]}}