{"id":232031,"date":"2021-04-14T08:23:50","date_gmt":"2021-04-14T05:23:50","guid":{"rendered":"http:\/\/107.6.182.27\/tr\/?p=232031"},"modified":"2021-04-15T08:12:40","modified_gmt":"2021-04-15T05:12:40","slug":"hama-kirsalinda-yabanci-bir-cisim-patladi-6-cocuk-yaralandi","status":"publish","type":"post","link":"https:\/\/archive.sana.sy\/tr\/?p=232031","title":{"rendered":"Hama K\u0131rsal\u0131nda Yabanc\u0131 Bir Cisim Patlad\u0131, 6 \u00c7ocuk Yaraland\u0131"},"content":{"rendered":"<p>HAMA \u2013 Hama k\u0131rsal\u0131n\u0131n bat\u0131s\u0131nda yer alan M\u0131syaf k\u0131rsal\u0131ndaki el Hazana k\u00f6y\u00fcnde yabanc\u0131 bir cisimin patlamas\u0131 sonucunda 6 \u00e7ocuk yaraland\u0131.<\/p>\n<p>M\u0131syaf Ulusal Hastanesi Genel M\u00fcd\u00fcrl\u00fc\u011f\u00fc Genel M\u00fcd\u00fcr\u00fc Dr. Maher el Yunis SANA muhabirine yapt\u0131\u011f\u0131 a\u00e7\u0131klamada, hastanenin patlamadan kaynaklanan \u015farapnellere maruz kalmas\u0131 nedeniyle \u00e7e\u015fitli yaral\u0131 6 \u00e7ocu\u011fu kabul etti\u011fini belirtti.<\/p>\n<p>\u00c7eviri: M.Y<\/p>\n","protected":false},"excerpt":{"rendered":"<p>HAMA \u2013 Hama k\u0131rsal\u0131n\u0131n bat\u0131s\u0131nda yer alan M\u0131syaf k\u0131rsal\u0131ndaki el Hazana k\u00f6y\u00fcnde yabanc\u0131 bir cisimin patlamas\u0131 sonucunda 6 \u00e7ocuk yaraland\u0131. M\u0131syaf Ulusal Hastanesi Genel M\u00fcd\u00fcrl\u00fc\u011f\u00fc Genel M\u00fcd\u00fcr\u00fc Dr. Maher el Yunis SANA muhabirine yapt\u0131\u011f\u0131 a\u00e7\u0131klamada, hastanenin patlamadan kaynaklanan \u015farapnellere maruz kalmas\u0131 nedeniyle \u00e7e\u015fitli yaral\u0131 6 \u00e7ocu\u011fu kabul etti\u011fini belirtti. \u00c7eviri: M.Y<\/p>\n","protected":false},"author":36,"featured_media":232032,"comment_status":"closed","ping_status":"closed","sticky":false,"template":"","format":"standard","meta":{"footnotes":""},"categories":[479,575,17988,478],"tags":[],"class_list":["post-232031","post","type-post","status-publish","format-standard","has-post-thumbnail","","category-haberler-yerel","category-olaylar-ve-gercekler","category-son-haberler","category-yerel"],"_links":{"self":[{"href":"https:\/\/archive.sana.sy\/tr\/index.php?rest_route=\/wp\/v2\/posts\/232031","targetHints":{"allow":["GET"]}}],"collection":[{"href":"https:\/\/archive.sana.sy\/tr\/index.php?rest_route=\/wp\/v2\/posts"}],"about":[{"href":"https:\/\/archive.sana.sy\/tr\/index.php?rest_route=\/wp\/v2\/types\/post"}],"author":[{"embeddable":true,"href":"https:\/\/archive.sana.sy\/tr\/index.php?rest_route=\/wp\/v2\/users\/36"}],"replies":[{"embeddable":true,"href":"https:\/\/archive.sana.sy\/tr\/index.php?rest_route=%2Fwp%2Fv2%2Fcomments&post=232031"}],"version-history":[{"count":0,"href":"https:\/\/archive.sana.sy\/tr\/index.php?rest_route=\/wp\/v2\/posts\/232031\/revisions"}],"wp:featuredmedia":[{"embeddable":true,"href":"https:\/\/archive.sana.sy\/tr\/index.php?rest_route=\/wp\/v2\/media\/232032"}],"wp:attachment":[{"href":"https:\/\/archive.sana.sy\/tr\/index.php?rest_route=%2Fwp%2Fv2%2Fmedia&parent=232031"}],"wp:term":[{"taxonomy":"category","embeddable":true,"href":"https:\/\/archive.sana.sy\/tr\/index.php?rest_route=%2Fwp%2Fv2%2Fcategories&post=232031"},{"taxonomy":"post_tag","embeddable":true,"href":"https:\/\/archive.sana.sy\/tr\/index.php?rest_route=%2Fwp%2Fv2%2Ftags&post=232031"}],"curies":[{"name":"wp","href":"https:\/\/api.w.org\/{rel}","templated":true}]}}