{"id":232636,"date":"2021-04-24T15:20:10","date_gmt":"2021-04-24T12:20:10","guid":{"rendered":"http:\/\/107.6.182.27\/tr\/?p=232636"},"modified":"2021-04-26T15:08:56","modified_gmt":"2021-04-26T12:08:56","slug":"ermeni-soykiriminin-106-yildonumu-adalet-saglanana-dek-sehitler-anilmaya-devam-ediyor","status":"publish","type":"post","link":"https:\/\/archive.sana.sy\/tr\/?p=232636","title":{"rendered":"Ermeni Soyk\u0131r\u0131m\u0131n\u0131n 106. Y\u0131ld\u00f6n\u00fcm\u00fc.. Adalet Sa\u011flanana Dek \u015eehitler An\u0131lmaya Devam Ediyor"},"content":{"rendered":"<p>\u015eAM \u2013 Osmanl\u0131lar\u0131n Ermenilere kar\u015f\u0131 i\u015fledi\u011fi toplu soyk\u0131r\u0131m\u0131n \u00fczerinden 106 y\u0131l ge\u00e7mesine ra\u011fmen Ermeni halk\u0131 haklar\u0131n\u0131 ve atalar\u0131n\u0131n \u00e7al\u0131nan topraklar\u0131n\u0131 iade etme m\u00fccadelesinin ve milli haf\u0131zay\u0131 canland\u0131rarak halklar\u0131 aras\u0131ndaki uyumu g\u00fc\u00e7lendirme \u00f6nemine olan inanc\u0131ndan dolay\u0131 \u015fehitlerini anmaya devam ediyor.<\/p>\n<p>Tarihi kaynaklar ve belgeler, 1915-1923 y\u0131llar\u0131 aras\u0131nda asimilasyon siyasetini izleyen Osmanl\u0131lar\u0131n bat\u0131 Ermenistan&#8217;da ya\u015fayan bir bu\u00e7uk milyon Ermeniyi yok ettiklerini, kalanlar\u0131n ise zorla Suriye dahil kom\u015fu \u00fclkelere g\u00f6\u00e7 ettirildiklerini g\u00f6stermektedir.<\/p>\n<p>Diaspora&#8217;daki Ermenilerin dini, k\u00fclt\u00fcrel, sosyal ve siyasi faaliyetleri, \u00e7e\u015fitli uluslararas\u0131 forumlarda seslerini y\u00fcksek sesle y\u00fckselterek, tarihi hak ve adalet talep ederek, soyk\u0131r\u0131m \u015fehitlerinin an\u0131s\u0131n\u0131 halklar\u0131n\u0131n davas\u0131na ba\u011fl\u0131l\u0131klar\u0131n\u0131n korunmas\u0131nda b\u00fcy\u00fck rol oynarken ard\u0131 ard\u0131na gelen T\u00fcrk rejimleri soyk\u0131r\u0131m\u0131 inkar etmeye devam etti ve Osmanl\u0131 devletinin Ermenilere kar\u015f\u0131 i\u015flediklerini itiraf etmekten hep uzak durdu.<\/p>\n<p>Aralar\u0131nda Suriye&#8217;nin de bulundu\u011fu \u00e7ok say\u0131da d\u00fcnya \u00fclkesi Ermenilere kar\u015f\u0131 i\u015fleneni &#8220;toplu soyk\u0131r\u0131m&#8221; olarak ikrar etmektedir.<\/p>\n<p>Bug\u00fcnk\u00fc Ermenistan, 300 bin km2&#8217;den fazla bir alana yay\u0131lan tarihi Ermenistan&#8217;\u0131n bir par\u00e7as\u0131 oldu\u011funu belirtmek gerekir.<\/p>\n<p>S.\u015e.<\/p>\n","protected":false},"excerpt":{"rendered":"<p>\u015eAM \u2013 Osmanl\u0131lar\u0131n Ermenilere kar\u015f\u0131 i\u015fledi\u011fi toplu soyk\u0131r\u0131m\u0131n \u00fczerinden 106 y\u0131l ge\u00e7mesine ra\u011fmen Ermeni halk\u0131 haklar\u0131n\u0131 ve atalar\u0131n\u0131n \u00e7al\u0131nan topraklar\u0131n\u0131 iade etme m\u00fccadelesinin ve milli haf\u0131zay\u0131 canland\u0131rarak halklar\u0131 aras\u0131ndaki uyumu g\u00fc\u00e7lendirme \u00f6nemine olan inanc\u0131ndan dolay\u0131 \u015fehitlerini anmaya devam ediyor. Tarihi kaynaklar ve belgeler, 1915-1923 y\u0131llar\u0131 aras\u0131nda asimilasyon siyasetini izleyen Osmanl\u0131lar\u0131n bat\u0131 Ermenistan&#8217;da ya\u015fayan bir bu\u00e7uk &hellip;<\/p>\n","protected":false},"author":1,"featured_media":232639,"comment_status":"closed","ping_status":"closed","sticky":false,"template":"","format":"standard","meta":{"footnotes":""},"categories":[526,479,17988,525,478],"tags":[],"class_list":["post-232636","post","type-post","status-publish","format-standard","has-post-thumbnail","","category-haber-ve-raporlar","category-haberler-yerel","category-son-haberler","category-toplum","category-yerel"],"_links":{"self":[{"href":"https:\/\/archive.sana.sy\/tr\/index.php?rest_route=\/wp\/v2\/posts\/232636","targetHints":{"allow":["GET"]}}],"collection":[{"href":"https:\/\/archive.sana.sy\/tr\/index.php?rest_route=\/wp\/v2\/posts"}],"about":[{"href":"https:\/\/archive.sana.sy\/tr\/index.php?rest_route=\/wp\/v2\/types\/post"}],"author":[{"embeddable":true,"href":"https:\/\/archive.sana.sy\/tr\/index.php?rest_route=\/wp\/v2\/users\/1"}],"replies":[{"embeddable":true,"href":"https:\/\/archive.sana.sy\/tr\/index.php?rest_route=%2Fwp%2Fv2%2Fcomments&post=232636"}],"version-history":[{"count":0,"href":"https:\/\/archive.sana.sy\/tr\/index.php?rest_route=\/wp\/v2\/posts\/232636\/revisions"}],"wp:featuredmedia":[{"embeddable":true,"href":"https:\/\/archive.sana.sy\/tr\/index.php?rest_route=\/wp\/v2\/media\/232639"}],"wp:attachment":[{"href":"https:\/\/archive.sana.sy\/tr\/index.php?rest_route=%2Fwp%2Fv2%2Fmedia&parent=232636"}],"wp:term":[{"taxonomy":"category","embeddable":true,"href":"https:\/\/archive.sana.sy\/tr\/index.php?rest_route=%2Fwp%2Fv2%2Fcategories&post=232636"},{"taxonomy":"post_tag","embeddable":true,"href":"https:\/\/archive.sana.sy\/tr\/index.php?rest_route=%2Fwp%2Fv2%2Ftags&post=232636"}],"curies":[{"name":"wp","href":"https:\/\/api.w.org\/{rel}","templated":true}]}}