{"id":232713,"date":"2021-04-25T14:48:04","date_gmt":"2021-04-25T11:48:04","guid":{"rendered":"http:\/\/107.6.182.27\/tr\/?p=232713"},"modified":"2021-04-26T15:22:42","modified_gmt":"2021-04-26T12:22:42","slug":"moskova-rusya-savnuma-bakanligi-idlibte-gerginligi-azaltma-bolgesinde-gecen-saatlerde-teror-orgutleri-tarafindan-yapilan-25-ihlalin-kaydedildigini-belirtti","status":"publish","type":"post","link":"https:\/\/archive.sana.sy\/tr\/?p=232713","title":{"rendered":"Rusya Savunma Bakanl\u0131\u011f\u0131: \u0130dlib&#8217;te Ter\u00f6ristler Taraf\u0131ndan 25 \u0130hlal Kaydedildi"},"content":{"rendered":"<p>MOSKOVA \u2013 Rusya Savnuma Bakanl\u0131\u011f\u0131, \u0130dlib\u2019te gerginli\u011fi azaltma b\u00f6lgesinde ge\u00e7en saatlerde ter\u00f6r \u00f6rg\u00fctleri taraf\u0131ndan yap\u0131lan 25 ihlalin kaydedildi\u011fini belirtti.<\/p>\n<p style=\"text-align: justify;\">Hmeimim&#8217;deki Rus Koordinasyon Merkezi M\u00fcd\u00fcr Yard\u0131mc\u0131s\u0131 T\u00fcmgeneral Aleksandr Karpov yapt\u0131\u011f\u0131 a\u00e7\u0131klamada, \u0130dlib&#8217;de 12, Lazkiye&#8217;de 6, Hama&#8217;da 6 ve Halep&#8217;te 1 olmak \u00fczere ter\u00f6r \u00f6rg\u00fctlerinin yay\u0131ld\u0131\u011f\u0131 b\u00f6lgelerden 25 sald\u0131r\u0131 tespit edildi\u011fini belirtti.<\/p>\n","protected":false},"excerpt":{"rendered":"<p>MOSKOVA \u2013 Rusya Savnuma Bakanl\u0131\u011f\u0131, \u0130dlib\u2019te gerginli\u011fi azaltma b\u00f6lgesinde ge\u00e7en saatlerde ter\u00f6r \u00f6rg\u00fctleri taraf\u0131ndan yap\u0131lan 25 ihlalin kaydedildi\u011fini belirtti. Hmeimim&#8217;deki Rus Koordinasyon Merkezi M\u00fcd\u00fcr Yard\u0131mc\u0131s\u0131 T\u00fcmgeneral Aleksandr Karpov yapt\u0131\u011f\u0131 a\u00e7\u0131klamada, \u0130dlib&#8217;de 12, Lazkiye&#8217;de 6, Hama&#8217;da 6 ve Halep&#8217;te 1 olmak \u00fczere ter\u00f6r \u00f6rg\u00fctlerinin yay\u0131ld\u0131\u011f\u0131 b\u00f6lgelerden 25 sald\u0131r\u0131 tespit edildi\u011fini belirtti.<\/p>\n","protected":false},"author":1,"featured_media":232717,"comment_status":"closed","ping_status":"closed","sticky":false,"template":"","format":"standard","meta":{"footnotes":""},"categories":[458,459,575,17988],"tags":[],"class_list":["post-232713","post","type-post","status-publish","format-standard","has-post-thumbnail","","category-dunya1","category-haberler-arap-uluslararasi-politika","category-olaylar-ve-gercekler","category-son-haberler"],"_links":{"self":[{"href":"https:\/\/archive.sana.sy\/tr\/index.php?rest_route=\/wp\/v2\/posts\/232713","targetHints":{"allow":["GET"]}}],"collection":[{"href":"https:\/\/archive.sana.sy\/tr\/index.php?rest_route=\/wp\/v2\/posts"}],"about":[{"href":"https:\/\/archive.sana.sy\/tr\/index.php?rest_route=\/wp\/v2\/types\/post"}],"author":[{"embeddable":true,"href":"https:\/\/archive.sana.sy\/tr\/index.php?rest_route=\/wp\/v2\/users\/1"}],"replies":[{"embeddable":true,"href":"https:\/\/archive.sana.sy\/tr\/index.php?rest_route=%2Fwp%2Fv2%2Fcomments&post=232713"}],"version-history":[{"count":0,"href":"https:\/\/archive.sana.sy\/tr\/index.php?rest_route=\/wp\/v2\/posts\/232713\/revisions"}],"wp:featuredmedia":[{"embeddable":true,"href":"https:\/\/archive.sana.sy\/tr\/index.php?rest_route=\/wp\/v2\/media\/232717"}],"wp:attachment":[{"href":"https:\/\/archive.sana.sy\/tr\/index.php?rest_route=%2Fwp%2Fv2%2Fmedia&parent=232713"}],"wp:term":[{"taxonomy":"category","embeddable":true,"href":"https:\/\/archive.sana.sy\/tr\/index.php?rest_route=%2Fwp%2Fv2%2Fcategories&post=232713"},{"taxonomy":"post_tag","embeddable":true,"href":"https:\/\/archive.sana.sy\/tr\/index.php?rest_route=%2Fwp%2Fv2%2Ftags&post=232713"}],"curies":[{"name":"wp","href":"https:\/\/api.w.org\/{rel}","templated":true}]}}