{"id":232724,"date":"2021-04-26T12:16:09","date_gmt":"2021-04-26T09:16:09","guid":{"rendered":"http:\/\/107.6.182.27\/tr\/?p=232724"},"modified":"2021-04-27T13:10:50","modified_gmt":"2021-04-27T10:10:50","slug":"isgalci-turkiyenin-kiraliklari-bir-kadini-kacirdi","status":"publish","type":"post","link":"https:\/\/archive.sana.sy\/tr\/?p=232724","title":{"rendered":"\u0130\u015fgalci T\u00fcrkiye&#8217;nin Kiral\u0131klar\u0131 Bir Kad\u0131n\u0131 Ka\u00e7\u0131rd\u0131"},"content":{"rendered":"<p>HALEP &#8211; Ter\u00f6r \u00f6rg\u00fctlerinden T\u00fcrk i\u015fgaline ba\u011fl\u0131 kkiral\u0131klar, g\u00f6rev yapt\u0131klar\u0131 b\u00f6lgelerde halka kar\u015f\u0131 i\u015fledikleri su\u00e7lar\u0131 s\u00fcrd\u00fcr\u00fcrken, bug\u00fcn Halep&#8217;in kuzeybat\u0131 k\u0131rsal\u0131ndaki Afrin il\u00e7esine ba\u011fl\u0131 Medana k\u00f6y\u00fcnde bir kad\u0131n\u0131 ka\u00e7\u0131rd\u0131.<\/p>\n<p>Sivil kaynaklar SANA&#8217;ya a\u00e7\u0131klamalar\u0131nda, T\u00fcrk i\u015fgal g\u00fc\u00e7lerine ba\u011fl\u0131 s\u00f6zde (Hamza T\u00fcmeni)\u00a0 kiral\u0131klar\u0131n\u0131n Halep k\u0131rsal\u0131ndaki Afrin b\u00f6lgesindeki Medana k\u00f6y\u00fcne bask\u0131n hamlesi ba\u015flatt\u0131\u011f\u0131n\u0131 ve bir kad\u0131n\u0131 ka\u00e7\u0131r\u0131p bilinmeyen bir yere g\u00f6t\u00fcrd\u00fc\u011f\u00fcn\u00fc bildirdi.<\/p>\n<p>Kaynaklar, i\u015fgalci T\u00fcrk kiral\u0131klar\u0131n\u0131n, halk\u0131 korkutmak i\u00e7in geli\u015fig\u00fczel ate\u015f a\u00e7t\u0131klar\u0131n\u0131 bunlar\u0131 sivil halk\u0131n evlerini b\u0131rakmaya mecbur b\u0131rakmak ve daha \u00f6nce b\u00f6lge k\u00f6ylerinden baz\u0131lar\u0131nda oldu\u011fu gibi sahte belgelerle evlerine el koymak i\u00e7in yapt\u0131klar\u0131na dikkat \u00e7ekti.<\/p>\n","protected":false},"excerpt":{"rendered":"<p>HALEP &#8211; Ter\u00f6r \u00f6rg\u00fctlerinden T\u00fcrk i\u015fgaline ba\u011fl\u0131 kkiral\u0131klar, g\u00f6rev yapt\u0131klar\u0131 b\u00f6lgelerde halka kar\u015f\u0131 i\u015fledikleri su\u00e7lar\u0131 s\u00fcrd\u00fcr\u00fcrken, bug\u00fcn Halep&#8217;in kuzeybat\u0131 k\u0131rsal\u0131ndaki Afrin il\u00e7esine ba\u011fl\u0131 Medana k\u00f6y\u00fcnde bir kad\u0131n\u0131 ka\u00e7\u0131rd\u0131. Sivil kaynaklar SANA&#8217;ya a\u00e7\u0131klamalar\u0131nda, T\u00fcrk i\u015fgal g\u00fc\u00e7lerine ba\u011fl\u0131 s\u00f6zde (Hamza T\u00fcmeni)\u00a0 kiral\u0131klar\u0131n\u0131n Halep k\u0131rsal\u0131ndaki Afrin b\u00f6lgesindeki Medana k\u00f6y\u00fcne bask\u0131n hamlesi ba\u015flatt\u0131\u011f\u0131n\u0131 ve bir kad\u0131n\u0131 ka\u00e7\u0131r\u0131p bilinmeyen bir &hellip;<\/p>\n","protected":false},"author":1,"featured_media":232725,"comment_status":"closed","ping_status":"closed","sticky":false,"template":"","format":"standard","meta":{"footnotes":""},"categories":[479,575,17988,2554,2555,478],"tags":[],"class_list":["post-232724","post","type-post","status-publish","format-standard","has-post-thumbnail","","category-haberler-yerel","category-olaylar-ve-gercekler","category-son-haberler","category-suriye-ve-dunya","category-suriye-ve-turkiye","category-yerel"],"_links":{"self":[{"href":"https:\/\/archive.sana.sy\/tr\/index.php?rest_route=\/wp\/v2\/posts\/232724","targetHints":{"allow":["GET"]}}],"collection":[{"href":"https:\/\/archive.sana.sy\/tr\/index.php?rest_route=\/wp\/v2\/posts"}],"about":[{"href":"https:\/\/archive.sana.sy\/tr\/index.php?rest_route=\/wp\/v2\/types\/post"}],"author":[{"embeddable":true,"href":"https:\/\/archive.sana.sy\/tr\/index.php?rest_route=\/wp\/v2\/users\/1"}],"replies":[{"embeddable":true,"href":"https:\/\/archive.sana.sy\/tr\/index.php?rest_route=%2Fwp%2Fv2%2Fcomments&post=232724"}],"version-history":[{"count":0,"href":"https:\/\/archive.sana.sy\/tr\/index.php?rest_route=\/wp\/v2\/posts\/232724\/revisions"}],"wp:featuredmedia":[{"embeddable":true,"href":"https:\/\/archive.sana.sy\/tr\/index.php?rest_route=\/wp\/v2\/media\/232725"}],"wp:attachment":[{"href":"https:\/\/archive.sana.sy\/tr\/index.php?rest_route=%2Fwp%2Fv2%2Fmedia&parent=232724"}],"wp:term":[{"taxonomy":"category","embeddable":true,"href":"https:\/\/archive.sana.sy\/tr\/index.php?rest_route=%2Fwp%2Fv2%2Fcategories&post=232724"},{"taxonomy":"post_tag","embeddable":true,"href":"https:\/\/archive.sana.sy\/tr\/index.php?rest_route=%2Fwp%2Fv2%2Ftags&post=232724"}],"curies":[{"name":"wp","href":"https:\/\/api.w.org\/{rel}","templated":true}]}}