{"id":232758,"date":"2021-04-26T12:05:52","date_gmt":"2021-04-26T09:05:52","guid":{"rendered":"http:\/\/107.6.182.27\/tr\/?p=232758"},"modified":"2021-04-27T13:10:35","modified_gmt":"2021-04-27T10:10:35","slug":"tartusta-antik-eserler-ticaretini-yapan-bir-cete-tutuklandi","status":"publish","type":"post","link":"https:\/\/archive.sana.sy\/tr\/?p=232758","title":{"rendered":"Tartus&#8217;ta Antik Eserler Ticaretini Yapan Bir \u00c7ete Tutukland\u0131"},"content":{"rendered":"<p>TARTUS \u2013 Tartus&#8217;taki Ceza G\u00fcvenli\u011fi \u015eubesi, antik eserler ticareti yapan bir grubu tutuklad\u0131ktan sonra \u00e7ok say\u0131da \u00e7e\u015fitli esere el koymay\u0131 ba\u015fard\u0131.<\/p>\n<p>Tartus Kriminal G\u00fcvenlik \u015eube Ba\u015fkan\u0131 Albay Assef el Ali, SANA muhabirine yapt\u0131\u011f\u0131 a\u00e7\u0131klamada, dikkatli bir takibin ard\u0131ndan Tartus k\u0131rsal\u0131nda antik eserleri ticaretini yapan 15 ki\u015filik bir grubun tutukland\u0131\u011f\u0131n\u0131 ve 150 kadar antik esere el konuldu\u011funu belirtti.<\/p>\n<p>Albay el Ali, antik eserleri Tartus Antik Eserler M\u00fcd\u00fcrl\u00fc\u011f\u00fcnde ihtisas bir heyet taraf\u0131ndan incelendikten sonra nadir t\u00fcrden olduklar\u0131n\u0131n tespit edildi\u011fini ve buna ba\u011fl\u0131 olarak tutuklu \u015f\u00fcphelilere y\u00f6nelik gerekli kontrol\u00fcn organize edilerek yarg\u0131ya sevk edildi\u011fini s\u00f6zlerine ekledi.<\/p>\n<p>\u00d6te yandan Tartus Antik Eserler M\u00fcd\u00fcr\u00fc Marvan Hassan yapt\u0131\u011f\u0131 a\u00e7\u0131klamada, Ceza G\u00fcvenlik \u015eubesi&#8217;nin talebi \u00fczerine el konulan eserleri ihtisas bir komite taraf\u0131ndan inceledikten sonra, \u00e7o\u011funun \u00e7ok \u00f6nemli ve farkl\u0131 tarihsel d\u00f6nemlere ait olduklar\u0131n\u0131 ortaya \u00e7\u0131kt\u0131\u011f\u0131n\u0131 dile getirdi.<\/p>\n<p>P.M.<\/p>\n","protected":false},"excerpt":{"rendered":"<p>TARTUS \u2013 Tartus&#8217;taki Ceza G\u00fcvenli\u011fi \u015eubesi, antik eserler ticareti yapan bir grubu tutuklad\u0131ktan sonra \u00e7ok say\u0131da \u00e7e\u015fitli esere el koymay\u0131 ba\u015fard\u0131. Tartus Kriminal G\u00fcvenlik \u015eube Ba\u015fkan\u0131 Albay Assef el Ali, SANA muhabirine yapt\u0131\u011f\u0131 a\u00e7\u0131klamada, dikkatli bir takibin ard\u0131ndan Tartus k\u0131rsal\u0131nda antik eserleri ticaretini yapan 15 ki\u015filik bir grubun tutukland\u0131\u011f\u0131n\u0131 ve 150 kadar antik esere el &hellip;<\/p>\n","protected":false},"author":1,"featured_media":232759,"comment_status":"closed","ping_status":"closed","sticky":false,"template":"","format":"standard","meta":{"footnotes":""},"categories":[485,479,486,17988,478],"tags":[],"class_list":["post-232758","post","type-post","status-publish","format-standard","has-post-thumbnail","","category-is-ve-sermaye","category-haberler-yerel","category-haberler-is-ve-sermaye","category-son-haberler","category-yerel"],"_links":{"self":[{"href":"https:\/\/archive.sana.sy\/tr\/index.php?rest_route=\/wp\/v2\/posts\/232758","targetHints":{"allow":["GET"]}}],"collection":[{"href":"https:\/\/archive.sana.sy\/tr\/index.php?rest_route=\/wp\/v2\/posts"}],"about":[{"href":"https:\/\/archive.sana.sy\/tr\/index.php?rest_route=\/wp\/v2\/types\/post"}],"author":[{"embeddable":true,"href":"https:\/\/archive.sana.sy\/tr\/index.php?rest_route=\/wp\/v2\/users\/1"}],"replies":[{"embeddable":true,"href":"https:\/\/archive.sana.sy\/tr\/index.php?rest_route=%2Fwp%2Fv2%2Fcomments&post=232758"}],"version-history":[{"count":0,"href":"https:\/\/archive.sana.sy\/tr\/index.php?rest_route=\/wp\/v2\/posts\/232758\/revisions"}],"wp:featuredmedia":[{"embeddable":true,"href":"https:\/\/archive.sana.sy\/tr\/index.php?rest_route=\/wp\/v2\/media\/232759"}],"wp:attachment":[{"href":"https:\/\/archive.sana.sy\/tr\/index.php?rest_route=%2Fwp%2Fv2%2Fmedia&parent=232758"}],"wp:term":[{"taxonomy":"category","embeddable":true,"href":"https:\/\/archive.sana.sy\/tr\/index.php?rest_route=%2Fwp%2Fv2%2Fcategories&post=232758"},{"taxonomy":"post_tag","embeddable":true,"href":"https:\/\/archive.sana.sy\/tr\/index.php?rest_route=%2Fwp%2Fv2%2Ftags&post=232758"}],"curies":[{"name":"wp","href":"https:\/\/api.w.org\/{rel}","templated":true}]}}