{"id":232969,"date":"2021-04-30T22:14:24","date_gmt":"2021-04-30T19:14:24","guid":{"rendered":"http:\/\/107.6.182.27\/tr\/?p=232969"},"modified":"2021-05-01T14:20:41","modified_gmt":"2021-05-01T11:20:41","slug":"asis-dagi-sahrada-emevilerin-en-eski-sarayina-ev-sahipligi-yapan-suriyeli-tarihi-eser-mevkii","status":"publish","type":"post","link":"https:\/\/archive.sana.sy\/tr\/?p=232969","title":{"rendered":"Asis Da\u011f\u0131 Sahra&#8217;da Emeviler&#8217;in En Eski Saray\u0131na Ev Sahipli\u011fi Yapan Suriyeli Tarihi Eser Mevkii"},"content":{"rendered":"<p style=\"text-align: justify;\">\u015eAM \u2013 Asis da\u011f\u0131 Heycane&#8217;nin do\u011fusunda Suriyeli El Hammad \u0130klimi dahilinde yer almakta olup Horan Da\u011f\u0131&#8217;n\u0131n bir b\u00f6l\u00fcm\u00fcn\u00fc te\u015fkil etmektedir. Bu isim \u015eam Vatani M\u00fczesinde korunan ve Emeviler d\u00f6nemine ait bazalt bir kayaya dokunmu\u015f bir metinde ke\u015ffedilmi\u015ftir.<\/p>\n<p><a href=\"http:\/\/107.6.182.27\/tr\/wp-content\/uploads\/2021\/04\/2-14.jpg\"><img loading=\"lazy\" decoding=\"async\" class=\"size-medium wp-image-232971 alignright\" src=\"http:\/\/107.6.182.27\/tr\/wp-content\/uploads\/2021\/04\/2-14-300x169.jpg\" alt=\"\" width=\"300\" height=\"169\" srcset=\"https:\/\/archive.sana.sy\/tr\/wp-content\/uploads\/2021\/04\/2-14-300x169.jpg 300w, https:\/\/archive.sana.sy\/tr\/wp-content\/uploads\/2021\/04\/2-14-150x84.jpg 150w, https:\/\/archive.sana.sy\/tr\/wp-content\/uploads\/2021\/04\/2-14.jpg 660w\" sizes=\"auto, (max-width: 300px) 100vw, 300px\" \/><\/a><\/p>\n<p style=\"text-align: justify;\">Mevki \u015eam&#8217;dan 105 km uzakl\u0131kta olup idari y\u00f6nden Duma&#8217;ya ba\u011fl\u0131d\u0131r. Tarihi eser ara\u015ft\u0131rmac\u0131s\u0131 Dr. Mahmud Hammud, Yakut Hamvi&#8217;nin el Buldan S\u00f6zl\u00fc\u011f\u00fcnde Asis da\u011f\u0131n\u0131n en eski yaz\u0131s\u0131ndan bahsetmekte olup Emevi Halifesi El Velid Bin Abdul Melik&#8217;in makam\u0131 olarak nitelemektedir.<\/p>\n<p style=\"text-align: justify;\">Alandaki arkeolojik \u00e7al\u0131\u015fmalarla ilgili olarak, Dr. Hammud, Asis Da\u011f\u0131 kal\u0131nt\u0131lar\u0131n\u0131n temsil eden ve Emevi \u00e7\u00f6l mimarisi ve \u015fimdiye kadar hala korunan en \u00f6nemli yerlerden biri oldu\u011fu anla\u015f\u0131ld\u0131\u011f\u0131ndan, 1962&#8217;de ilk kaz\u0131lar\u0131n Alman misyonu oldu\u011funu a\u00e7\u0131kl\u0131yor.<\/p>\n<p style=\"text-align: justify;\">Dr. Hammud, \u00e7\u00f6lde Emevi saraylar\u0131n\u0131n en eskisi olan ve uzunlu\u011fu 300 metre olan saray olan sitenin en \u00f6nemli i\u00e7eriklerinden biri olan saray\u0131n \u015fehir d\u0131\u015f\u0131nda in\u015fa edilen en eski \u0130slami hamam yap\u0131s\u0131 olan cami ve hamam i\u00e7erdi\u011fini s\u00f6yl\u00fcyor.<\/p>\n<p><a href=\"http:\/\/107.6.182.27\/tr\/wp-content\/uploads\/2021\/04\/3-9.jpg\"><img loading=\"lazy\" decoding=\"async\" class=\"size-medium wp-image-232972 alignright\" src=\"http:\/\/107.6.182.27\/tr\/wp-content\/uploads\/2021\/04\/3-9-300x195.jpg\" alt=\"\" width=\"300\" height=\"195\" srcset=\"https:\/\/archive.sana.sy\/tr\/wp-content\/uploads\/2021\/04\/3-9-300x195.jpg 300w, https:\/\/archive.sana.sy\/tr\/wp-content\/uploads\/2021\/04\/3-9-150x98.jpg 150w, https:\/\/archive.sana.sy\/tr\/wp-content\/uploads\/2021\/04\/3-9.jpg 660w\" sizes=\"auto, (max-width: 300px) 100vw, 300px\" \/><\/a><\/p>\n<p style=\"text-align: justify;\">Kare planl\u0131 saray\u0131n d\u0131\u015far\u0131da belirgin kuleleri vard\u0131r ve koridorun g\u00fcneydo\u011fu k\u00f6\u015fesinde, muhaf\u0131zlar\u0131n kalmas\u0131 i\u00e7in tasarlanm\u0131\u015f olabilecek tu\u011fladan yap\u0131lm\u0131\u015f birka\u00e7 odadan olu\u015fan ayr\u0131 bir bina vard\u0131r. Bu da, saray\u0131n kamu ve \u00f6zel olarak iki k\u0131sma ayr\u0131ld\u0131\u011f\u0131n\u0131 g\u00f6sterir.<\/p>\n<p style=\"text-align: justify;\">Saray\u0131n duvarlar\u0131 Dr. Hammud&#8217;a g\u00f6re cilalanm\u0131\u015f bazalt ta\u015ftan yap\u0131lm\u0131\u015ft\u0131r ve en eski klasik d\u00f6nemlerden kalma binalardan getirilen di\u011fer oyma ta\u015flar kullan\u0131lm\u0131\u015ft\u0131r. Bu da, baz\u0131lar\u0131n\u0131n \u00fczerine Yunan harfleri ve isimlerle kaz\u0131nm\u0131\u015f s\u00fctunlar\u0131n ba\u015fl\u0131klar\u0131 ve b\u00f6l\u00fcmleri, binan\u0131n \u00f6vg\u00fcs\u00fc d\u00f6neminde yap\u0131lan daha basit ba\u015fl\u0131klarla a\u00e7\u0131k\u00e7a g\u00f6r\u00fclmektedir.<\/p>\n<p style=\"text-align: justify;\">Dr. Hammud, saray\u0131n salonlar\u0131nda, kulelerinde ve d\u0131\u015f k\u0131s\u0131mlar\u0131nda \u00e7e\u015fitli sahneler ta\u015f\u0131yan siyah, k\u0131rm\u0131z\u0131 veya gri renklerde \u00e7i\u00e7ek motifleri de dahil olmak \u00fczere, saray\u0131 s\u00fcsleyen dekorasyonlarla ilgileniyor. Ayr\u0131ca saraya giri\u015f kulesinin \u00fcst k\u0131s\u0131mlar\u0131nda beyaz zemin \u00fczerinde Kuran ayetinin yer ald\u0131\u011f\u0131 siyah bir s\u00fcs par\u00e7as\u0131 bulunmu\u015ftur.<\/p>\n<p><a href=\"http:\/\/107.6.182.27\/tr\/wp-content\/uploads\/2021\/04\/4-4.jpg\"><img loading=\"lazy\" decoding=\"async\" class=\"size-medium wp-image-232973 alignright\" src=\"http:\/\/107.6.182.27\/tr\/wp-content\/uploads\/2021\/04\/4-4-300x200.jpg\" alt=\"\" width=\"300\" height=\"200\" srcset=\"https:\/\/archive.sana.sy\/tr\/wp-content\/uploads\/2021\/04\/4-4-300x200.jpg 300w, https:\/\/archive.sana.sy\/tr\/wp-content\/uploads\/2021\/04\/4-4-150x100.jpg 150w, https:\/\/archive.sana.sy\/tr\/wp-content\/uploads\/2021\/04\/4-4.jpg 660w\" sizes=\"auto, (max-width: 300px) 100vw, 300px\" \/><\/a><\/p>\n<p style=\"text-align: justify;\">Sarayda bulunan par\u00e7alarla ilgili olarak Hammoud, \u00fczerinde Safi \u00e7izimleri ve yaz\u0131lar\u0131 bulunan \u00e7anak \u00e7\u00f6mlek yuvalar\u0131 ve 106 bazalt yaz\u0131t i\u00e7erdiklerinden, &#8220;Badiye \u00e7\u00f6l\u00fcnde ke\u015ffedilen yaz\u0131tlar\u0131 i\u00e7eren bir isim&#8221;, Yunanca ve Arap\u00e7a basit Kufi harfleriyle yaz\u0131lm\u0131\u015f hayvanlar\u0131n ve insanlar\u0131n farkl\u0131 pozisyonlarda g\u00f6r\u00fcnt\u00fcleri basit Kufi yaz\u0131t\u0131n\u0131n temsil edildi\u011finden bahsetmektedir. MS 2. y\u00fczy\u0131ldan 8. y\u00fczy\u0131la kadar bu b\u00f6lgede ya\u015fayanlar\u0131n, \u00f6zellikle Emeviler d\u00f6neminde sarayda ya\u015fayanlar\u0131n veya bir s\u00fcre t\u00fcccar kervanlar\u0131n\u0131n adamlar\u0131 olarak b\u00f6lgeyi ziyaret edenlerin durumu hakk\u0131nda fikir vermektedir.<\/p>\n<div id='gallery-1' class='gallery galleryid-232969 gallery-columns-3 gallery-size-full'><figure class='gallery-item'>\n\t\t\t<div class='gallery-icon portrait'>\n\t\t\t\t<a href='https:\/\/archive.sana.sy\/tr\/wp-content\/uploads\/2021\/04\/5-1.jpg'><img loading=\"lazy\" decoding=\"async\" width=\"318\" height=\"330\" src=\"https:\/\/archive.sana.sy\/tr\/wp-content\/uploads\/2021\/04\/5-1.jpg\" class=\"attachment-full size-full\" alt=\"\" srcset=\"https:\/\/archive.sana.sy\/tr\/wp-content\/uploads\/2021\/04\/5-1.jpg 318w, https:\/\/archive.sana.sy\/tr\/wp-content\/uploads\/2021\/04\/5-1-289x300.jpg 289w, https:\/\/archive.sana.sy\/tr\/wp-content\/uploads\/2021\/04\/5-1-145x150.jpg 145w\" sizes=\"auto, (max-width: 318px) 100vw, 318px\" \/><\/a>\n\t\t\t<\/div><\/figure><figure class='gallery-item'>\n\t\t\t<div class='gallery-icon landscape'>\n\t\t\t\t<a href='https:\/\/archive.sana.sy\/tr\/wp-content\/uploads\/2021\/04\/6-1.jpg'><img loading=\"lazy\" decoding=\"async\" width=\"660\" height=\"440\" src=\"https:\/\/archive.sana.sy\/tr\/wp-content\/uploads\/2021\/04\/6-1.jpg\" class=\"attachment-full size-full\" alt=\"\" srcset=\"https:\/\/archive.sana.sy\/tr\/wp-content\/uploads\/2021\/04\/6-1.jpg 660w, https:\/\/archive.sana.sy\/tr\/wp-content\/uploads\/2021\/04\/6-1-300x200.jpg 300w, https:\/\/archive.sana.sy\/tr\/wp-content\/uploads\/2021\/04\/6-1-150x100.jpg 150w\" sizes=\"auto, (max-width: 660px) 100vw, 660px\" \/><\/a>\n\t\t\t<\/div><\/figure><figure class='gallery-item'>\n\t\t\t<div class='gallery-icon landscape'>\n\t\t\t\t<a href='https:\/\/archive.sana.sy\/tr\/wp-content\/uploads\/2021\/04\/7-2.jpg'><img loading=\"lazy\" decoding=\"async\" width=\"660\" height=\"476\" src=\"https:\/\/archive.sana.sy\/tr\/wp-content\/uploads\/2021\/04\/7-2.jpg\" class=\"attachment-full size-full\" alt=\"\" srcset=\"https:\/\/archive.sana.sy\/tr\/wp-content\/uploads\/2021\/04\/7-2.jpg 660w, https:\/\/archive.sana.sy\/tr\/wp-content\/uploads\/2021\/04\/7-2-300x216.jpg 300w, https:\/\/archive.sana.sy\/tr\/wp-content\/uploads\/2021\/04\/7-2-150x108.jpg 150w\" sizes=\"auto, (max-width: 660px) 100vw, 660px\" \/><\/a>\n\t\t\t<\/div><\/figure><figure class='gallery-item'>\n\t\t\t<div class='gallery-icon landscape'>\n\t\t\t\t<a href='https:\/\/archive.sana.sy\/tr\/wp-content\/uploads\/2021\/04\/8.jpg'><img loading=\"lazy\" decoding=\"async\" width=\"660\" height=\"423\" src=\"https:\/\/archive.sana.sy\/tr\/wp-content\/uploads\/2021\/04\/8.jpg\" class=\"attachment-full size-full\" alt=\"\" srcset=\"https:\/\/archive.sana.sy\/tr\/wp-content\/uploads\/2021\/04\/8.jpg 660w, https:\/\/archive.sana.sy\/tr\/wp-content\/uploads\/2021\/04\/8-300x192.jpg 300w, https:\/\/archive.sana.sy\/tr\/wp-content\/uploads\/2021\/04\/8-150x96.jpg 150w\" sizes=\"auto, (max-width: 660px) 100vw, 660px\" \/><\/a>\n\t\t\t<\/div><\/figure><figure class='gallery-item'>\n\t\t\t<div class='gallery-icon landscape'>\n\t\t\t\t<a href='https:\/\/archive.sana.sy\/tr\/wp-content\/uploads\/2021\/04\/9.jpg'><img loading=\"lazy\" decoding=\"async\" width=\"660\" height=\"442\" src=\"https:\/\/archive.sana.sy\/tr\/wp-content\/uploads\/2021\/04\/9.jpg\" class=\"attachment-full size-full\" alt=\"\" srcset=\"https:\/\/archive.sana.sy\/tr\/wp-content\/uploads\/2021\/04\/9.jpg 660w, https:\/\/archive.sana.sy\/tr\/wp-content\/uploads\/2021\/04\/9-300x201.jpg 300w, https:\/\/archive.sana.sy\/tr\/wp-content\/uploads\/2021\/04\/9-150x100.jpg 150w, https:\/\/archive.sana.sy\/tr\/wp-content\/uploads\/2021\/04\/9-110x75.jpg 110w\" sizes=\"auto, (max-width: 660px) 100vw, 660px\" \/><\/a>\n\t\t\t<\/div><\/figure><figure class='gallery-item'>\n\t\t\t<div class='gallery-icon portrait'>\n\t\t\t\t<a href='https:\/\/archive.sana.sy\/tr\/wp-content\/uploads\/2021\/04\/10.jpg'><img loading=\"lazy\" decoding=\"async\" width=\"472\" height=\"482\" src=\"https:\/\/archive.sana.sy\/tr\/wp-content\/uploads\/2021\/04\/10.jpg\" class=\"attachment-full size-full\" alt=\"\" srcset=\"https:\/\/archive.sana.sy\/tr\/wp-content\/uploads\/2021\/04\/10.jpg 472w, https:\/\/archive.sana.sy\/tr\/wp-content\/uploads\/2021\/04\/10-294x300.jpg 294w, https:\/\/archive.sana.sy\/tr\/wp-content\/uploads\/2021\/04\/10-147x150.jpg 147w\" sizes=\"auto, (max-width: 472px) 100vw, 472px\" \/><\/a>\n\t\t\t<\/div><\/figure>\n\t\t<\/div>\n\n","protected":false},"excerpt":{"rendered":"<p>\u015eAM \u2013 Asis da\u011f\u0131 Heycane&#8217;nin do\u011fusunda Suriyeli El Hammad \u0130klimi dahilinde yer almakta olup Horan Da\u011f\u0131&#8217;n\u0131n bir b\u00f6l\u00fcm\u00fcn\u00fc te\u015fkil etmektedir. Bu isim \u015eam Vatani M\u00fczesinde korunan ve Emeviler d\u00f6nemine ait bazalt bir kayaya dokunmu\u015f bir metinde ke\u015ffedilmi\u015ftir. Mevki \u015eam&#8217;dan 105 km uzakl\u0131kta olup idari y\u00f6nden Duma&#8217;ya ba\u011fl\u0131d\u0131r. Tarihi eser ara\u015ft\u0131rmac\u0131s\u0131 Dr. Mahmud Hammud, Yakut Hamvi&#8217;nin &hellip;<\/p>\n","protected":false},"author":1,"featured_media":232970,"comment_status":"closed","ping_status":"closed","sticky":false,"template":"","format":"standard","meta":{"footnotes":""},"categories":[516,479,511,17988,478],"tags":[],"class_list":["post-232969","post","type-post","status-publish","format-standard","has-post-thumbnail","","category-haberler-kultur-ve-sanat","category-haberler-yerel","category-kultur-ve-sanat","category-son-haberler","category-yerel"],"_links":{"self":[{"href":"https:\/\/archive.sana.sy\/tr\/index.php?rest_route=\/wp\/v2\/posts\/232969","targetHints":{"allow":["GET"]}}],"collection":[{"href":"https:\/\/archive.sana.sy\/tr\/index.php?rest_route=\/wp\/v2\/posts"}],"about":[{"href":"https:\/\/archive.sana.sy\/tr\/index.php?rest_route=\/wp\/v2\/types\/post"}],"author":[{"embeddable":true,"href":"https:\/\/archive.sana.sy\/tr\/index.php?rest_route=\/wp\/v2\/users\/1"}],"replies":[{"embeddable":true,"href":"https:\/\/archive.sana.sy\/tr\/index.php?rest_route=%2Fwp%2Fv2%2Fcomments&post=232969"}],"version-history":[{"count":0,"href":"https:\/\/archive.sana.sy\/tr\/index.php?rest_route=\/wp\/v2\/posts\/232969\/revisions"}],"wp:featuredmedia":[{"embeddable":true,"href":"https:\/\/archive.sana.sy\/tr\/index.php?rest_route=\/wp\/v2\/media\/232970"}],"wp:attachment":[{"href":"https:\/\/archive.sana.sy\/tr\/index.php?rest_route=%2Fwp%2Fv2%2Fmedia&parent=232969"}],"wp:term":[{"taxonomy":"category","embeddable":true,"href":"https:\/\/archive.sana.sy\/tr\/index.php?rest_route=%2Fwp%2Fv2%2Fcategories&post=232969"},{"taxonomy":"post_tag","embeddable":true,"href":"https:\/\/archive.sana.sy\/tr\/index.php?rest_route=%2Fwp%2Fv2%2Ftags&post=232969"}],"curies":[{"name":"wp","href":"https:\/\/api.w.org\/{rel}","templated":true}]}}