{"id":232981,"date":"2021-04-30T20:14:49","date_gmt":"2021-04-30T17:14:49","guid":{"rendered":"http:\/\/107.6.182.27\/tr\/?p=232981"},"modified":"2021-05-01T16:32:01","modified_gmt":"2021-05-01T13:32:01","slug":"halep-fistiginin-2020-mevsiminde-uretiminin-65-bin-ton-olmasi-bekleniyor","status":"publish","type":"post","link":"https:\/\/archive.sana.sy\/tr\/?p=232981","title":{"rendered":"Halep\u00a0 F\u0131st\u0131\u011f\u0131n\u0131n 2020 Mevsiminde \u00dcretiminin 65 Bin Ton Olmas\u0131 Bekleniyor"},"content":{"rendered":"<p>\u015eAM &#8211; Tar\u0131m ve Tar\u0131m Reformu Bakanl\u0131\u011f\u0131, Suriye&#8217;nin 2020 sezonu i\u00e7in f\u0131st\u0131k \u00fcretiminin 65 bin tonun \u00fczerinde olmas\u0131n\u0131n beklendi\u011fini belirtiti.<\/p>\n<p>Bakanl\u0131ktaki f\u0131st\u0131k b\u00fcrosu m\u00fcd\u00fcr\u00fc M\u00fchendis Cihad Muhammed SANA&#8217;ya a\u00e7\u0131klamas\u0131nda, ekili alanlar\u0131n \u00e7e\u015fitli illere da\u011f\u0131t\u0131ld\u0131\u011f\u0131n\u0131, mevsimin toplam alan\u0131n\u0131n y\u00fczde 40&#8217;\u0131n\u0131 olu\u015fturan Halep&#8217;in ilk s\u0131rada geldi\u011fini, ard\u0131ndan Hama&#8217;n\u0131n y\u00fczde 35 oranla geldi\u011fini, ard\u0131ndan \u0130dlib % 18 ve \u015eam K\u0131rsal\u0131 % 5 oldu\u011funu buna ek olarak Homs ilinin, son y\u0131llarda f\u0131st\u0131k ekiminin yayg\u0131nla\u015fmas\u0131na tan\u0131k olmaya ba\u015flad\u0131\u011f\u0131n\u0131 ifade etti.<\/p>\n<p>\u00dcretim a\u00e7\u0131s\u0131ndan bakanl\u0131k istatistiklerine g\u00f6re ilk s\u0131rada 31.877 ton \u00fcretimle Hama, ard\u0131ndan 16.276 tonla \u0130dlib, ard\u0131ndan 15.372 tonla Halep, 870 tonla Homs ve S\u00fcveyda&#8217;n\u0131n 525 tonla geliyor.<\/p>\n<p>Mevcut sezon i\u00e7in \u00f6n istatistiksel tahminler, Halep f\u0131st\u0131\u011f\u0131 a\u011fa\u00e7 say\u0131s\u0131n\u0131n 9.615.800, \u00fcr\u00fcn veren a\u011fa\u00e7 say\u0131s\u0131n\u0131n ise 790.970 oldu\u011funu g\u00f6stermektedir.<\/p>\n","protected":false},"excerpt":{"rendered":"<p>\u015eAM &#8211; Tar\u0131m ve Tar\u0131m Reformu Bakanl\u0131\u011f\u0131, Suriye&#8217;nin 2020 sezonu i\u00e7in f\u0131st\u0131k \u00fcretiminin 65 bin tonun \u00fczerinde olmas\u0131n\u0131n beklendi\u011fini belirtiti. Bakanl\u0131ktaki f\u0131st\u0131k b\u00fcrosu m\u00fcd\u00fcr\u00fc M\u00fchendis Cihad Muhammed SANA&#8217;ya a\u00e7\u0131klamas\u0131nda, ekili alanlar\u0131n \u00e7e\u015fitli illere da\u011f\u0131t\u0131ld\u0131\u011f\u0131n\u0131, mevsimin toplam alan\u0131n\u0131n y\u00fczde 40&#8217;\u0131n\u0131 olu\u015fturan Halep&#8217;in ilk s\u0131rada geldi\u011fini, ard\u0131ndan Hama&#8217;n\u0131n y\u00fczde 35 oranla geldi\u011fini, ard\u0131ndan \u0130dlib % 18 ve &hellip;<\/p>\n","protected":false},"author":1,"featured_media":232982,"comment_status":"closed","ping_status":"closed","sticky":false,"template":"","format":"standard","meta":{"footnotes":""},"categories":[485,486,479,17988,478],"tags":[],"class_list":["post-232981","post","type-post","status-publish","format-standard","has-post-thumbnail","","category-is-ve-sermaye","category-haberler-is-ve-sermaye","category-haberler-yerel","category-son-haberler","category-yerel"],"_links":{"self":[{"href":"https:\/\/archive.sana.sy\/tr\/index.php?rest_route=\/wp\/v2\/posts\/232981","targetHints":{"allow":["GET"]}}],"collection":[{"href":"https:\/\/archive.sana.sy\/tr\/index.php?rest_route=\/wp\/v2\/posts"}],"about":[{"href":"https:\/\/archive.sana.sy\/tr\/index.php?rest_route=\/wp\/v2\/types\/post"}],"author":[{"embeddable":true,"href":"https:\/\/archive.sana.sy\/tr\/index.php?rest_route=\/wp\/v2\/users\/1"}],"replies":[{"embeddable":true,"href":"https:\/\/archive.sana.sy\/tr\/index.php?rest_route=%2Fwp%2Fv2%2Fcomments&post=232981"}],"version-history":[{"count":0,"href":"https:\/\/archive.sana.sy\/tr\/index.php?rest_route=\/wp\/v2\/posts\/232981\/revisions"}],"wp:featuredmedia":[{"embeddable":true,"href":"https:\/\/archive.sana.sy\/tr\/index.php?rest_route=\/wp\/v2\/media\/232982"}],"wp:attachment":[{"href":"https:\/\/archive.sana.sy\/tr\/index.php?rest_route=%2Fwp%2Fv2%2Fmedia&parent=232981"}],"wp:term":[{"taxonomy":"category","embeddable":true,"href":"https:\/\/archive.sana.sy\/tr\/index.php?rest_route=%2Fwp%2Fv2%2Fcategories&post=232981"},{"taxonomy":"post_tag","embeddable":true,"href":"https:\/\/archive.sana.sy\/tr\/index.php?rest_route=%2Fwp%2Fv2%2Ftags&post=232981"}],"curies":[{"name":"wp","href":"https:\/\/api.w.org\/{rel}","templated":true}]}}