{"id":233076,"date":"2021-05-02T08:19:10","date_gmt":"2021-05-02T05:19:10","guid":{"rendered":"http:\/\/107.6.182.27\/tr\/?p=233076"},"modified":"2021-05-03T08:03:43","modified_gmt":"2021-05-03T05:03:43","slug":"rasul-ayn-kentinde-bir-mayin-patladi","status":"publish","type":"post","link":"https:\/\/archive.sana.sy\/tr\/?p=233076","title":{"rendered":"Rasul Ayn Kentinde Bir May\u0131n Patlad\u0131"},"content":{"rendered":"<p>HASEKE \u2013 Haseke k\u0131rsal\u0131nda yer alan ve T\u00fcrk i\u015fgal g\u00fc\u00e7leri ve kiral\u0131klar\u0131 konu\u015fland\u0131\u011f\u0131 Rasul Ayn kentinde bir may\u0131n patlad\u0131.<\/p>\n<p>Yerel kaynaklar SANA muhabirine, Haseke k\u0131rsal\u0131n\u0131n kuzeyinde yer alan i\u015fgal alt\u0131ndaki Rasul Ayn kentindeki Harb mahallesindeki eski d\u00fckkanlardan birinde yerle\u015ftirilen bir may\u0131n\u0131n patlad\u0131\u011f\u0131n\u0131 belirtti.<\/p>\n<p>Kaynaklar, s\u00f6z konusu patlaman\u0131n, d\u00fckkan\u0131n y\u0131k\u0131lmas\u0131na ve kom\u015fu d\u00fckkanlar\u0131n maddi hasar g\u00f6rmesine neden oldu\u011funa dikkat \u00e7ekti.<\/p>\n<p>\u00c7eviri: M.Y<\/p>\n","protected":false},"excerpt":{"rendered":"<p>HASEKE \u2013 Haseke k\u0131rsal\u0131nda yer alan ve T\u00fcrk i\u015fgal g\u00fc\u00e7leri ve kiral\u0131klar\u0131 konu\u015fland\u0131\u011f\u0131 Rasul Ayn kentinde bir may\u0131n patlad\u0131. Yerel kaynaklar SANA muhabirine, Haseke k\u0131rsal\u0131n\u0131n kuzeyinde yer alan i\u015fgal alt\u0131ndaki Rasul Ayn kentindeki Harb mahallesindeki eski d\u00fckkanlardan birinde yerle\u015ftirilen bir may\u0131n\u0131n patlad\u0131\u011f\u0131n\u0131 belirtti. Kaynaklar, s\u00f6z konusu patlaman\u0131n, d\u00fckkan\u0131n y\u0131k\u0131lmas\u0131na ve kom\u015fu d\u00fckkanlar\u0131n maddi hasar g\u00f6rmesine &hellip;<\/p>\n","protected":false},"author":36,"featured_media":233077,"comment_status":"closed","ping_status":"closed","sticky":false,"template":"","format":"standard","meta":{"footnotes":""},"categories":[479,575,17988,478],"tags":[],"class_list":["post-233076","post","type-post","status-publish","format-standard","has-post-thumbnail","","category-haberler-yerel","category-olaylar-ve-gercekler","category-son-haberler","category-yerel"],"_links":{"self":[{"href":"https:\/\/archive.sana.sy\/tr\/index.php?rest_route=\/wp\/v2\/posts\/233076","targetHints":{"allow":["GET"]}}],"collection":[{"href":"https:\/\/archive.sana.sy\/tr\/index.php?rest_route=\/wp\/v2\/posts"}],"about":[{"href":"https:\/\/archive.sana.sy\/tr\/index.php?rest_route=\/wp\/v2\/types\/post"}],"author":[{"embeddable":true,"href":"https:\/\/archive.sana.sy\/tr\/index.php?rest_route=\/wp\/v2\/users\/36"}],"replies":[{"embeddable":true,"href":"https:\/\/archive.sana.sy\/tr\/index.php?rest_route=%2Fwp%2Fv2%2Fcomments&post=233076"}],"version-history":[{"count":0,"href":"https:\/\/archive.sana.sy\/tr\/index.php?rest_route=\/wp\/v2\/posts\/233076\/revisions"}],"wp:featuredmedia":[{"embeddable":true,"href":"https:\/\/archive.sana.sy\/tr\/index.php?rest_route=\/wp\/v2\/media\/233077"}],"wp:attachment":[{"href":"https:\/\/archive.sana.sy\/tr\/index.php?rest_route=%2Fwp%2Fv2%2Fmedia&parent=233076"}],"wp:term":[{"taxonomy":"category","embeddable":true,"href":"https:\/\/archive.sana.sy\/tr\/index.php?rest_route=%2Fwp%2Fv2%2Fcategories&post=233076"},{"taxonomy":"post_tag","embeddable":true,"href":"https:\/\/archive.sana.sy\/tr\/index.php?rest_route=%2Fwp%2Fv2%2Ftags&post=233076"}],"curies":[{"name":"wp","href":"https:\/\/api.w.org\/{rel}","templated":true}]}}