{"id":233080,"date":"2021-05-02T08:26:59","date_gmt":"2021-05-02T05:26:59","guid":{"rendered":"http:\/\/107.6.182.27\/tr\/?p=233080"},"modified":"2021-05-04T07:59:47","modified_gmt":"2021-05-04T04:59:47","slug":"tedmur-kirsainda-bir-mayin-patladi-2-vatandas-yaralandi","status":"publish","type":"post","link":"https:\/\/archive.sana.sy\/tr\/?p=233080","title":{"rendered":"Tedmur K\u0131rsal\u0131nda Bir May\u0131n Patlad\u0131, 2 Vatanda\u015f Yaraland\u0131"},"content":{"rendered":"<p>TEDMUR \u2013 Tedmur k\u0131rsal\u0131n\u0131n do\u011fusunda yer alan Ark kenti yak\u0131nlar\u0131ndan, I\u015e\u0130D ter\u00f6r gruplar\u0131ndan kalan bir may\u0131n\u0131n patlamas\u0131 sonucunda 2 vatanda\u015f yaralnad\u0131.<\/p>\n<p>Tedmur Ulusal Hastane M\u00fcd\u00fcr\u00fc Velid Ude SANA muhabirine yapt\u0131\u011f\u0131 a\u00e7\u0131klamada, Ark k\u00f6y\u00fcnde bir may\u0131n\u0131n patlamas\u0131 sonucunde iki vatanda\u015f\u0131n \u015farapnelle yaraland\u0131klar\u0131n\u0131 belirtti.<\/p>\n<p>Ude, &#8220;Hastane personelinin, Homs \u015fehrindeki bir hastaneye sevk edilmeden \u00f6nce, Tedmur Ulusal Hastanesinde yaral\u0131lara gerekli ilk yard\u0131m\u0131 sa\u011flad\u0131\u011f\u0131na&#8221; dikkat \u00e7ekti.<\/p>\n<p>\u00c7eviri: M.Y<\/p>\n","protected":false},"excerpt":{"rendered":"<p>TEDMUR \u2013 Tedmur k\u0131rsal\u0131n\u0131n do\u011fusunda yer alan Ark kenti yak\u0131nlar\u0131ndan, I\u015e\u0130D ter\u00f6r gruplar\u0131ndan kalan bir may\u0131n\u0131n patlamas\u0131 sonucunda 2 vatanda\u015f yaralnad\u0131. Tedmur Ulusal Hastane M\u00fcd\u00fcr\u00fc Velid Ude SANA muhabirine yapt\u0131\u011f\u0131 a\u00e7\u0131klamada, Ark k\u00f6y\u00fcnde bir may\u0131n\u0131n patlamas\u0131 sonucunde iki vatanda\u015f\u0131n \u015farapnelle yaraland\u0131klar\u0131n\u0131 belirtti. Ude, &#8220;Hastane personelinin, Homs \u015fehrindeki bir hastaneye sevk edilmeden \u00f6nce, Tedmur Ulusal Hastanesinde &hellip;<\/p>\n","protected":false},"author":36,"featured_media":233081,"comment_status":"closed","ping_status":"closed","sticky":false,"template":"","format":"standard","meta":{"footnotes":""},"categories":[479,575,17988,478],"tags":[],"class_list":["post-233080","post","type-post","status-publish","format-standard","has-post-thumbnail","","category-haberler-yerel","category-olaylar-ve-gercekler","category-son-haberler","category-yerel"],"_links":{"self":[{"href":"https:\/\/archive.sana.sy\/tr\/index.php?rest_route=\/wp\/v2\/posts\/233080","targetHints":{"allow":["GET"]}}],"collection":[{"href":"https:\/\/archive.sana.sy\/tr\/index.php?rest_route=\/wp\/v2\/posts"}],"about":[{"href":"https:\/\/archive.sana.sy\/tr\/index.php?rest_route=\/wp\/v2\/types\/post"}],"author":[{"embeddable":true,"href":"https:\/\/archive.sana.sy\/tr\/index.php?rest_route=\/wp\/v2\/users\/36"}],"replies":[{"embeddable":true,"href":"https:\/\/archive.sana.sy\/tr\/index.php?rest_route=%2Fwp%2Fv2%2Fcomments&post=233080"}],"version-history":[{"count":0,"href":"https:\/\/archive.sana.sy\/tr\/index.php?rest_route=\/wp\/v2\/posts\/233080\/revisions"}],"wp:featuredmedia":[{"embeddable":true,"href":"https:\/\/archive.sana.sy\/tr\/index.php?rest_route=\/wp\/v2\/media\/233081"}],"wp:attachment":[{"href":"https:\/\/archive.sana.sy\/tr\/index.php?rest_route=%2Fwp%2Fv2%2Fmedia&parent=233080"}],"wp:term":[{"taxonomy":"category","embeddable":true,"href":"https:\/\/archive.sana.sy\/tr\/index.php?rest_route=%2Fwp%2Fv2%2Fcategories&post=233080"},{"taxonomy":"post_tag","embeddable":true,"href":"https:\/\/archive.sana.sy\/tr\/index.php?rest_route=%2Fwp%2Fv2%2Ftags&post=233080"}],"curies":[{"name":"wp","href":"https:\/\/api.w.org\/{rel}","templated":true}]}}