{"id":233145,"date":"2021-05-02T07:05:10","date_gmt":"2021-05-02T04:05:10","guid":{"rendered":"http:\/\/107.6.182.27\/tr\/?p=233145"},"modified":"2021-05-03T08:03:35","modified_gmt":"2021-05-03T05:03:35","slug":"turk-rejimi-suriyenin-firat-suyundan-payinin-buyuk-bir-kismina-el-koyarak-tarimi-tehdit-ediyor","status":"publish","type":"post","link":"https:\/\/archive.sana.sy\/tr\/?p=233145","title":{"rendered":"T\u00fcrk Rejimi, Suriye&#8217;nin F\u0131rat Suyundan Pay\u0131n\u0131n B\u00fcy\u00fck Bir K\u0131sm\u0131na El Koyarak Tar\u0131m\u0131 Tehdit Ediyor"},"content":{"rendered":"<p>DEYREZZOR &#8211; F\u0131rat Nehri, T\u00fcrk rejiminin b\u00fcy\u00fck miktarlarda nehir suyunu \u00e7almas\u0131 ve Suriye&#8217;ye akmas\u0131n\u0131 engellemesi sonucunda son birka\u00e7 g\u00fcnde su seviyesinde \u00f6nemli bir d\u00fc\u015f\u00fc\u015f\u00fcn ya\u015fanmas\u0131na tan\u0131k oldu, bu da Rakka ve Deyrezzor k\u0131rsallar\u0131ndaki ya\u015fam ve tar\u0131m ger\u00e7ekli\u011fini olumsuz y\u00f6nde etkiledi.<img loading=\"lazy\" decoding=\"async\" class=\"size-medium wp-image-233146 alignright\" src=\"http:\/\/107.6.182.27\/tr\/wp-content\/uploads\/2021\/05\/2-1-300x170.jpg\" alt=\"\" width=\"300\" height=\"170\" srcset=\"https:\/\/archive.sana.sy\/tr\/wp-content\/uploads\/2021\/05\/2-1-300x170.jpg 300w, https:\/\/archive.sana.sy\/tr\/wp-content\/uploads\/2021\/05\/2-1-1024x579.jpg 1024w, https:\/\/archive.sana.sy\/tr\/wp-content\/uploads\/2021\/05\/2-1-150x85.jpg 150w, https:\/\/archive.sana.sy\/tr\/wp-content\/uploads\/2021\/05\/2-1-768x434.jpg 768w, https:\/\/archive.sana.sy\/tr\/wp-content\/uploads\/2021\/05\/2-1.jpg 1280w\" sizes=\"auto, (max-width: 300px) 100vw, 300px\" \/><\/p>\n<p>Rakka Valisi Abdulrezzak Halife SANA muhabirine yapt\u0131\u011f\u0131 a\u00e7\u0131klamada, \u201cT\u00fcrk taraf\u0131, son d\u00f6nemde F\u0131rat Nehri&#8217;nden Suriye&#8217;ye giden su kaynaklar\u0131n\u0131 saniyede 500&#8217;den 200 m3&#8217;e d\u00fc\u015f\u00fcrd\u00fc bu da, F\u0131rat Baraj\u0131&#8217;nda \u00fcretim yapan elektrik t\u00fcrbinlerinin \u00e7al\u0131\u015fmas\u0131n\u0131 engelledi ayr\u0131ca sulama ve i\u00e7mes suyu mevcudiyetinin azalmas\u0131 da i\u015fin cabas\u0131.<\/p>\n<p>1987 y\u0131l\u0131nda T\u00fcrk taraf\u0131 ile imzalanan anla\u015fma, F\u0131rat Baraj\u0131&#8217;ndaki elektrik t\u00fcrbinlerinin i\u015fletilmesi i\u00e7in F\u0131rat Nehri&#8217;nin T\u00fcrkiye&#8217;den Suriye&#8217;ye su tedari\u011finin saniyede 500 metrek\u00fcpten az olmamas\u0131 gerekti\u011fini \u00f6ng\u00f6r\u00fcyor.<\/p>\n<p>Deyrezzor Valili\u011fi \u0130cra Dairesi \u00fcyesi M\u00fch. Ziyad el Kaz\u0131m SANA muhabirine yapt\u0131\u011f\u0131 a\u00e7\u0131klamada, \u201cF\u0131rat Nehri&#8217;nin seviyesindeki \u00f6nemli ve h\u0131zlanan d\u00fc\u015f\u00fc\u015f, dalgalar\u0131n i\u015fini etkiledi\u011fini, ilin kuzey k\u0131rsal\u0131ndaki k\u00f6y ve kasabalarda ikamet eden vatanda\u015flar\u0131n hareketini kolayla\u015ft\u0131rmak ve sular\u0131n\u0131 nehir yata\u011f\u0131ndan elde eden i\u00e7me suyu istasyonlar\u0131n\u0131n \u00e7al\u0131\u015fmalar\u0131n\u0131 tehdit etti\u011fini&#8221; s\u00f6yledi.<\/p>\n<p>Buna kar\u015f\u0131l\u0131k, Deyrezzor&#8217;daki K\u00f6yl\u00fcler Birli\u011fi ba\u015fkan\u0131 Hazzan el Sehv, nehir sular\u0131n\u0131n &#8220;tar\u0131m arazilerinin sulanmas\u0131 i\u00e7in ama\u00e7lanan nehirdeki su pompalar\u0131n\u0131 durdurma a\u00e7\u0131s\u0131ndan nehir seviyesini d\u00fc\u015f\u00fcrme&#8221; tehlikesinden uyararak, &#8220;Su seviyesindeki d\u00fc\u015f\u00fc\u015f tar\u0131msal \u00fcr\u00fcnleri, \u00f6zellikle sulanan ve ekilen arazisi yakla\u015f\u0131k 30 bin hektar olan stratejik bu\u011fday mahsul\u00fcn\u00fc&#8221; tehdit etti\u011fini dile getirdi.<img loading=\"lazy\" decoding=\"async\" class=\"size-medium wp-image-233147 alignright\" src=\"http:\/\/107.6.182.27\/tr\/wp-content\/uploads\/2021\/05\/3-300x189.jpg\" alt=\"\" width=\"300\" height=\"189\" srcset=\"https:\/\/archive.sana.sy\/tr\/wp-content\/uploads\/2021\/05\/3-300x189.jpg 300w, https:\/\/archive.sana.sy\/tr\/wp-content\/uploads\/2021\/05\/3-1024x646.jpg 1024w, https:\/\/archive.sana.sy\/tr\/wp-content\/uploads\/2021\/05\/3-150x95.jpg 150w, https:\/\/archive.sana.sy\/tr\/wp-content\/uploads\/2021\/05\/3-768x484.jpg 768w, https:\/\/archive.sana.sy\/tr\/wp-content\/uploads\/2021\/05\/3.jpg 1280w\" sizes=\"auto, (max-width: 300px) 100vw, 300px\" \/><\/p>\n<p>Deyrezzor k\u0131rsal\u0131ndaki Hatla&#8217;dan Muhammed el Ali, \u201cD\u00fc\u015f\u00fck su seviyesinin ula\u015f\u0131m s\u00fcrecinde ve tar\u0131msal \u00fcr\u00fcnlerin ta\u015f\u0131nmas\u0131nda sorunlara neden oldu\u011funu belirtti\u011fi gibi, baz\u0131 Deyr Ezzor sakinleri tar\u0131m \u00fcr\u00fcnlerinin etkilenece\u011finden korktuklar\u0131n\u0131&#8221; ifade etti.<\/p>\n<p>Osman El Abdullah ise, bu prosed\u00fcr\u00fcn T\u00fcrk rejiminin Suriye halk\u0131na kar\u015f\u0131 i\u015fledi\u011fi su\u00e7lar\u0131n bir par\u00e7as\u0131 oldu\u011funu ancak her seferinde irademize zarar vermekte ba\u015far\u0131s\u0131z oldu\u011funu s\u00f6yledi.<\/p>\n","protected":false},"excerpt":{"rendered":"<p>DEYREZZOR &#8211; F\u0131rat Nehri, T\u00fcrk rejiminin b\u00fcy\u00fck miktarlarda nehir suyunu \u00e7almas\u0131 ve Suriye&#8217;ye akmas\u0131n\u0131 engellemesi sonucunda son birka\u00e7 g\u00fcnde su seviyesinde \u00f6nemli bir d\u00fc\u015f\u00fc\u015f\u00fcn ya\u015fanmas\u0131na tan\u0131k oldu, bu da Rakka ve Deyrezzor k\u0131rsallar\u0131ndaki ya\u015fam ve tar\u0131m ger\u00e7ekli\u011fini olumsuz y\u00f6nde etkiledi. Rakka Valisi Abdulrezzak Halife SANA muhabirine yapt\u0131\u011f\u0131 a\u00e7\u0131klamada, \u201cT\u00fcrk taraf\u0131, son d\u00f6nemde F\u0131rat Nehri&#8217;nden Suriye&#8217;ye &hellip;<\/p>\n","protected":false},"author":1,"featured_media":233148,"comment_status":"closed","ping_status":"closed","sticky":false,"template":"","format":"standard","meta":{"footnotes":""},"categories":[479,575,17988,2554,2555,478],"tags":[],"class_list":["post-233145","post","type-post","status-publish","format-standard","has-post-thumbnail","","category-haberler-yerel","category-olaylar-ve-gercekler","category-son-haberler","category-suriye-ve-dunya","category-suriye-ve-turkiye","category-yerel"],"_links":{"self":[{"href":"https:\/\/archive.sana.sy\/tr\/index.php?rest_route=\/wp\/v2\/posts\/233145","targetHints":{"allow":["GET"]}}],"collection":[{"href":"https:\/\/archive.sana.sy\/tr\/index.php?rest_route=\/wp\/v2\/posts"}],"about":[{"href":"https:\/\/archive.sana.sy\/tr\/index.php?rest_route=\/wp\/v2\/types\/post"}],"author":[{"embeddable":true,"href":"https:\/\/archive.sana.sy\/tr\/index.php?rest_route=\/wp\/v2\/users\/1"}],"replies":[{"embeddable":true,"href":"https:\/\/archive.sana.sy\/tr\/index.php?rest_route=%2Fwp%2Fv2%2Fcomments&post=233145"}],"version-history":[{"count":0,"href":"https:\/\/archive.sana.sy\/tr\/index.php?rest_route=\/wp\/v2\/posts\/233145\/revisions"}],"wp:featuredmedia":[{"embeddable":true,"href":"https:\/\/archive.sana.sy\/tr\/index.php?rest_route=\/wp\/v2\/media\/233148"}],"wp:attachment":[{"href":"https:\/\/archive.sana.sy\/tr\/index.php?rest_route=%2Fwp%2Fv2%2Fmedia&parent=233145"}],"wp:term":[{"taxonomy":"category","embeddable":true,"href":"https:\/\/archive.sana.sy\/tr\/index.php?rest_route=%2Fwp%2Fv2%2Fcategories&post=233145"},{"taxonomy":"post_tag","embeddable":true,"href":"https:\/\/archive.sana.sy\/tr\/index.php?rest_route=%2Fwp%2Fv2%2Ftags&post=233145"}],"curies":[{"name":"wp","href":"https:\/\/api.w.org\/{rel}","templated":true}]}}