{"id":233156,"date":"2021-05-02T15:11:02","date_gmt":"2021-05-02T12:11:02","guid":{"rendered":"http:\/\/107.6.182.27\/tr\/?p=233156"},"modified":"2021-05-04T07:59:58","modified_gmt":"2021-05-04T04:59:58","slug":"cumhurbaskani-esadtan-genel-af","status":"publish","type":"post","link":"https:\/\/archive.sana.sy\/tr\/?p=233156","title":{"rendered":"Cumhurba\u015fkan\u0131 Esad&#8217;tan Genel Af"},"content":{"rendered":"<p style=\"text-align: justify;\">\u015eAM &#8211; Cumhurba\u015fkan\u0131 Be\u015f\u015far Esad bug\u00fcn 2 May\u0131s 2021&#8217;den \u00f6nce i\u015flenen su\u00e7lar i\u00e7in genel af veren 2021 y\u0131l\u0131 13 say\u0131l\u0131 Kanun H\u00fckm\u00fcnde Kararname \u00e7\u0131kard\u0131.<\/p>\n<p style=\"text-align: justify;\">Af, k\u0131sa s\u00fcreli su\u00e7lar, muhalefetler i\u00e7in cezan\u0131n tamam\u0131, \u00e7ocuklar i\u00e7in reform ve bak\u0131m \u00f6nlemleri, i\u00e7 ve d\u0131\u015f firarlar, ge\u00e7ici cinayet su\u00e7lar\u0131ndan baz\u0131 oranlar, \u00e7ocuk su\u00e7lar\u0131 ve di\u011fer su\u00e7lar\u0131 i\u00e7ermektedir.<\/p>\n","protected":false},"excerpt":{"rendered":"<p>\u015eAM &#8211; Cumhurba\u015fkan\u0131 Be\u015f\u015far Esad bug\u00fcn 2 May\u0131s 2021&#8217;den \u00f6nce i\u015flenen su\u00e7lar i\u00e7in genel af veren 2021 y\u0131l\u0131 13 say\u0131l\u0131 Kanun H\u00fckm\u00fcnde Kararname \u00e7\u0131kard\u0131. Af, k\u0131sa s\u00fcreli su\u00e7lar, muhalefetler i\u00e7in cezan\u0131n tamam\u0131, \u00e7ocuklar i\u00e7in reform ve bak\u0131m \u00f6nlemleri, i\u00e7 ve d\u0131\u015f firarlar, ge\u00e7ici cinayet su\u00e7lar\u0131ndan baz\u0131 oranlar, \u00e7ocuk su\u00e7lar\u0131 ve di\u011fer su\u00e7lar\u0131 i\u00e7ermektedir.<\/p>\n","protected":false},"author":1,"featured_media":233157,"comment_status":"closed","ping_status":"closed","sticky":false,"template":"","format":"standard","meta":{"footnotes":""},"categories":[605,17988,612,599],"tags":[],"class_list":["post-233156","post","type-post","status-publish","format-standard","has-post-thumbnail","","category-sayin-cumhurbaskani","category-son-haberler","category-yasama-kararnameler","category-yasama-ve-kanunlar"],"_links":{"self":[{"href":"https:\/\/archive.sana.sy\/tr\/index.php?rest_route=\/wp\/v2\/posts\/233156","targetHints":{"allow":["GET"]}}],"collection":[{"href":"https:\/\/archive.sana.sy\/tr\/index.php?rest_route=\/wp\/v2\/posts"}],"about":[{"href":"https:\/\/archive.sana.sy\/tr\/index.php?rest_route=\/wp\/v2\/types\/post"}],"author":[{"embeddable":true,"href":"https:\/\/archive.sana.sy\/tr\/index.php?rest_route=\/wp\/v2\/users\/1"}],"replies":[{"embeddable":true,"href":"https:\/\/archive.sana.sy\/tr\/index.php?rest_route=%2Fwp%2Fv2%2Fcomments&post=233156"}],"version-history":[{"count":0,"href":"https:\/\/archive.sana.sy\/tr\/index.php?rest_route=\/wp\/v2\/posts\/233156\/revisions"}],"wp:featuredmedia":[{"embeddable":true,"href":"https:\/\/archive.sana.sy\/tr\/index.php?rest_route=\/wp\/v2\/media\/233157"}],"wp:attachment":[{"href":"https:\/\/archive.sana.sy\/tr\/index.php?rest_route=%2Fwp%2Fv2%2Fmedia&parent=233156"}],"wp:term":[{"taxonomy":"category","embeddable":true,"href":"https:\/\/archive.sana.sy\/tr\/index.php?rest_route=%2Fwp%2Fv2%2Fcategories&post=233156"},{"taxonomy":"post_tag","embeddable":true,"href":"https:\/\/archive.sana.sy\/tr\/index.php?rest_route=%2Fwp%2Fv2%2Ftags&post=233156"}],"curies":[{"name":"wp","href":"https:\/\/api.w.org\/{rel}","templated":true}]}}