{"id":233159,"date":"2021-05-02T15:26:28","date_gmt":"2021-05-02T12:26:28","guid":{"rendered":"http:\/\/107.6.182.27\/tr\/?p=233159"},"modified":"2021-05-03T13:29:10","modified_gmt":"2021-05-03T10:29:10","slug":"cumhurbaskani-esad-paskalya-bayrami-munasebetiyle-hiristiyan-taifelerini-kutladi","status":"publish","type":"post","link":"https:\/\/archive.sana.sy\/tr\/?p=233159","title":{"rendered":"Cumhurba\u015fkan\u0131 Esad, Paskalya Bayram\u0131 M\u00fcnasebetiyle H\u0131ristiyan Taifelerini Kutlad\u0131"},"content":{"rendered":"<p style=\"text-align: justify;\">\u015eAM &#8211; Cumhurba\u015fkan\u0131 Be\u015f\u015far Esad, Paskalya bayram\u0131 vesilesiyle Do\u011fu takvimini takip eden H\u0131ristiyan mezhep mensuplar\u0131n\u0131 tebrik ederek, onlara ve t\u00fcm Suriyelilere sa\u011fl\u0131k, iyilik ve bar\u0131\u015f temennisinde bulundu.<\/p>\n<p style=\"text-align: justify;\">Cumhurba\u015fkanl\u0131\u011f\u0131 \u0130\u015fleri Bakan\u0131 Mansur Azzam, bug\u00fcn Cumhurba\u015fkan\u0131 Esad&#8217;\u0131n Antakya ve t\u00fcm do\u011fu Rum ortodoks Patri\u011fi X. Yuhanna Yaz\u0131c\u0131 ve Antakya ve t\u00fcm do\u011fu, d\u00fcnyadaki S\u00fcryani Ortodoks Kilisesi&#8217;nin ba\u015fkan\u0131 Patrik II. Mar Ignatius Efram ve taifeleri evlatlar\u0131na tebriklerini iletti.<\/p>\n<p style=\"text-align: justify;\">Kendi y\u00f6nlerinden her iki taife ba\u015fkan\u0131, Cumhurba\u015fkan\u0131 Esad&#8217;\u0131n kendilerini bayramlar\u0131nda tebrik etmeleri ve y\u00fcce Allah&#8217;\u0131n Suriye&#8217;yi ter\u00f6rizm ve Corona salg\u0131n\u0131ndan kurtarmas\u0131 ve halk\u0131n\u0131n g\u00fcven ve istikrar i\u00e7erisinde ya\u015famas\u0131 umudunu dile getirdiler.<\/p>\n<p style=\"text-align: justify;\">Do\u011fu takvimini takip eden Suriye&#8217;deki H\u0131ristiyan cemaatleri, Hz.\u0130sa&#8217;n\u0131n\u00a0 (a.s) Dirili\u015f Bayram\u0131 Paskalya bayram\u0131n\u0131 kiliselerde ve ibadethanelerde dua ve ayinlerle kutlad\u0131lar.<\/p>\n","protected":false},"excerpt":{"rendered":"<p>\u015eAM &#8211; Cumhurba\u015fkan\u0131 Be\u015f\u015far Esad, Paskalya bayram\u0131 vesilesiyle Do\u011fu takvimini takip eden H\u0131ristiyan mezhep mensuplar\u0131n\u0131 tebrik ederek, onlara ve t\u00fcm Suriyelilere sa\u011fl\u0131k, iyilik ve bar\u0131\u015f temennisinde bulundu. Cumhurba\u015fkanl\u0131\u011f\u0131 \u0130\u015fleri Bakan\u0131 Mansur Azzam, bug\u00fcn Cumhurba\u015fkan\u0131 Esad&#8217;\u0131n Antakya ve t\u00fcm do\u011fu Rum ortodoks Patri\u011fi X. Yuhanna Yaz\u0131c\u0131 ve Antakya ve t\u00fcm do\u011fu, d\u00fcnyadaki S\u00fcryani Ortodoks Kilisesi&#8217;nin ba\u015fkan\u0131 &hellip;<\/p>\n","protected":false},"author":1,"featured_media":233160,"comment_status":"closed","ping_status":"closed","sticky":false,"template":"","format":"standard","meta":{"footnotes":""},"categories":[479,17988,478],"tags":[],"class_list":["post-233159","post","type-post","status-publish","format-standard","has-post-thumbnail","","category-haberler-yerel","category-son-haberler","category-yerel"],"_links":{"self":[{"href":"https:\/\/archive.sana.sy\/tr\/index.php?rest_route=\/wp\/v2\/posts\/233159","targetHints":{"allow":["GET"]}}],"collection":[{"href":"https:\/\/archive.sana.sy\/tr\/index.php?rest_route=\/wp\/v2\/posts"}],"about":[{"href":"https:\/\/archive.sana.sy\/tr\/index.php?rest_route=\/wp\/v2\/types\/post"}],"author":[{"embeddable":true,"href":"https:\/\/archive.sana.sy\/tr\/index.php?rest_route=\/wp\/v2\/users\/1"}],"replies":[{"embeddable":true,"href":"https:\/\/archive.sana.sy\/tr\/index.php?rest_route=%2Fwp%2Fv2%2Fcomments&post=233159"}],"version-history":[{"count":0,"href":"https:\/\/archive.sana.sy\/tr\/index.php?rest_route=\/wp\/v2\/posts\/233159\/revisions"}],"wp:featuredmedia":[{"embeddable":true,"href":"https:\/\/archive.sana.sy\/tr\/index.php?rest_route=\/wp\/v2\/media\/233160"}],"wp:attachment":[{"href":"https:\/\/archive.sana.sy\/tr\/index.php?rest_route=%2Fwp%2Fv2%2Fmedia&parent=233159"}],"wp:term":[{"taxonomy":"category","embeddable":true,"href":"https:\/\/archive.sana.sy\/tr\/index.php?rest_route=%2Fwp%2Fv2%2Fcategories&post=233159"},{"taxonomy":"post_tag","embeddable":true,"href":"https:\/\/archive.sana.sy\/tr\/index.php?rest_route=%2Fwp%2Fv2%2Ftags&post=233159"}],"curies":[{"name":"wp","href":"https:\/\/api.w.org\/{rel}","templated":true}]}}