{"id":233162,"date":"2021-05-03T08:18:21","date_gmt":"2021-05-03T05:18:21","guid":{"rendered":"http:\/\/107.6.182.27\/tr\/?p=233162"},"modified":"2021-05-04T08:00:01","modified_gmt":"2021-05-04T05:00:01","slug":"selemiye-kirsalinda-bir-mayin-patladi-1-vatandas-sehit-dustu","status":"publish","type":"post","link":"https:\/\/archive.sana.sy\/tr\/?p=233162","title":{"rendered":"Selemiye K\u0131rsal\u0131nda Bir May\u0131n Patlad\u0131, 1 Vatanda\u015f \u015eehit D\u00fc\u015ft\u00fc"},"content":{"rendered":"<p>HAMA \u2013 Hama k\u0131rsal\u0131nda yer alan el Selemiye kentinde I\u015e\u0130D ter\u00f6r gruplar\u0131ndan kalan bir may\u0131n\u0131n patlamas\u0131 sonucunda 1 vatanda\u015f \u015fehit d\u00fc\u015ft\u00fc.<\/p>\n<p>Hama \u0130l Emniyet M\u00fcd\u00fcrl\u00fc\u011f\u00fcnden bir kaynak SANA muhabirine yapt\u0131\u011f\u0131 a\u00e7\u0131klamada, Selemiye k\u0131rsal\u0131nda yer alan El Rehcan beldesinin \u00e7iftliklerinde, I\u015e\u0130D ter\u00f6r gruplar\u0131ndan kalan bir may\u0131n\u0131n \u00f6zel bir ara\u00e7\u2019ta patlad\u0131\u011f\u0131n\u0131 belirtti.<\/p>\n<p>Kaynak, s\u00f6z konusu may\u0131n\u0131n patlamas\u0131 sonucunda 1 vatanda\u015f\u0131n \u015fehit d\u00fc\u015ft\u00fc\u011f\u00fcne i\u015faret etti.<\/p>\n<p>\u00c7eviri: M.Y<\/p>\n","protected":false},"excerpt":{"rendered":"<p>HAMA \u2013 Hama k\u0131rsal\u0131nda yer alan el Selemiye kentinde I\u015e\u0130D ter\u00f6r gruplar\u0131ndan kalan bir may\u0131n\u0131n patlamas\u0131 sonucunda 1 vatanda\u015f \u015fehit d\u00fc\u015ft\u00fc. Hama \u0130l Emniyet M\u00fcd\u00fcrl\u00fc\u011f\u00fcnden bir kaynak SANA muhabirine yapt\u0131\u011f\u0131 a\u00e7\u0131klamada, Selemiye k\u0131rsal\u0131nda yer alan El Rehcan beldesinin \u00e7iftliklerinde, I\u015e\u0130D ter\u00f6r gruplar\u0131ndan kalan bir may\u0131n\u0131n \u00f6zel bir ara\u00e7\u2019ta patlad\u0131\u011f\u0131n\u0131 belirtti. Kaynak, s\u00f6z konusu may\u0131n\u0131n patlamas\u0131 &hellip;<\/p>\n","protected":false},"author":36,"featured_media":233011,"comment_status":"closed","ping_status":"closed","sticky":false,"template":"","format":"standard","meta":{"footnotes":""},"categories":[479,575,17988,478],"tags":[],"class_list":["post-233162","post","type-post","status-publish","format-standard","has-post-thumbnail","","category-haberler-yerel","category-olaylar-ve-gercekler","category-son-haberler","category-yerel"],"_links":{"self":[{"href":"https:\/\/archive.sana.sy\/tr\/index.php?rest_route=\/wp\/v2\/posts\/233162","targetHints":{"allow":["GET"]}}],"collection":[{"href":"https:\/\/archive.sana.sy\/tr\/index.php?rest_route=\/wp\/v2\/posts"}],"about":[{"href":"https:\/\/archive.sana.sy\/tr\/index.php?rest_route=\/wp\/v2\/types\/post"}],"author":[{"embeddable":true,"href":"https:\/\/archive.sana.sy\/tr\/index.php?rest_route=\/wp\/v2\/users\/36"}],"replies":[{"embeddable":true,"href":"https:\/\/archive.sana.sy\/tr\/index.php?rest_route=%2Fwp%2Fv2%2Fcomments&post=233162"}],"version-history":[{"count":0,"href":"https:\/\/archive.sana.sy\/tr\/index.php?rest_route=\/wp\/v2\/posts\/233162\/revisions"}],"wp:featuredmedia":[{"embeddable":true,"href":"https:\/\/archive.sana.sy\/tr\/index.php?rest_route=\/wp\/v2\/media\/233011"}],"wp:attachment":[{"href":"https:\/\/archive.sana.sy\/tr\/index.php?rest_route=%2Fwp%2Fv2%2Fmedia&parent=233162"}],"wp:term":[{"taxonomy":"category","embeddable":true,"href":"https:\/\/archive.sana.sy\/tr\/index.php?rest_route=%2Fwp%2Fv2%2Fcategories&post=233162"},{"taxonomy":"post_tag","embeddable":true,"href":"https:\/\/archive.sana.sy\/tr\/index.php?rest_route=%2Fwp%2Fv2%2Ftags&post=233162"}],"curies":[{"name":"wp","href":"https:\/\/api.w.org\/{rel}","templated":true}]}}