{"id":233189,"date":"2021-05-03T11:22:09","date_gmt":"2021-05-03T08:22:09","guid":{"rendered":"http:\/\/107.6.182.27\/tr\/?p=233189"},"modified":"2021-05-05T08:04:12","modified_gmt":"2021-05-05T05:04:12","slug":"homs-kirsalinda-teror-gruplarindan-kalan-silah-ve-muhimmat-ele-gecirildi","status":"publish","type":"post","link":"https:\/\/archive.sana.sy\/tr\/?p=233189","title":{"rendered":"Homs K\u0131rsal\u0131nda Ter\u00f6r Gruplar\u0131ndan Kalan Silah ve M\u00fchimmat Ele Ge\u00e7irildi"},"content":{"rendered":"<p>HOMS \u2013 Homs k\u0131rsal\u0131n\u0131n kuzeyinde yetkili makamlar taraf\u0131ndan s\u00fcrd\u00fcr\u00fclen arama tarama operasyonlar\u0131 \u00e7er\u00e7evesinde, ter\u00f6r gruplar\u0131ndan kalan \u00e7e\u015fitli silah ve m\u00fchimmat ele ge\u00e7irdi.<img loading=\"lazy\" decoding=\"async\" class=\"size-medium wp-image-233194 alignright\" src=\"http:\/\/107.6.182.27\/tr\/wp-content\/uploads\/2021\/05\/2-2-300x169.jpg\" alt=\"\" width=\"300\" height=\"169\" srcset=\"https:\/\/archive.sana.sy\/tr\/wp-content\/uploads\/2021\/05\/2-2-300x169.jpg 300w, https:\/\/archive.sana.sy\/tr\/wp-content\/uploads\/2021\/05\/2-2-150x84.jpg 150w, https:\/\/archive.sana.sy\/tr\/wp-content\/uploads\/2021\/05\/2-2.jpg 660w\" sizes=\"auto, (max-width: 300px) 100vw, 300px\" \/><\/p>\n<p>Homs SANA muhabiri, g\u00fcvenlik birimlerinin Homs k\u0131rsal\u0131n\u0131n kuzeyindeki ger\u00e7ekle\u015ftirdi\u011fi arama tarama operasyonlar\u0131 s\u0131ras\u0131nda radikal ter\u00f6r gruplar\u0131ndan kalma Bat\u0131 yap\u0131m\u0131 b\u00fcy\u00fck miktarda silah ve m\u00fchimmat ele ge\u00e7irdiklerini belirtti.<\/p>\n<p>\u00c7eviri: M.Y<\/p>\n<div id='gallery-1' class='gallery galleryid-233189 gallery-columns-2 gallery-size-full'><figure class='gallery-item'>\n\t\t\t<div class='gallery-icon landscape'>\n\t\t\t\t<a href='https:\/\/archive.sana.sy\/tr\/wp-content\/uploads\/2021\/05\/1-45.jpg'><img loading=\"lazy\" decoding=\"async\" width=\"660\" height=\"371\" src=\"https:\/\/archive.sana.sy\/tr\/wp-content\/uploads\/2021\/05\/1-45.jpg\" class=\"attachment-full size-full\" alt=\"\" srcset=\"https:\/\/archive.sana.sy\/tr\/wp-content\/uploads\/2021\/05\/1-45.jpg 660w, https:\/\/archive.sana.sy\/tr\/wp-content\/uploads\/2021\/05\/1-45-300x169.jpg 300w, https:\/\/archive.sana.sy\/tr\/wp-content\/uploads\/2021\/05\/1-45-150x84.jpg 150w\" sizes=\"auto, (max-width: 660px) 100vw, 660px\" \/><\/a>\n\t\t\t<\/div><\/figure><figure class='gallery-item'>\n\t\t\t<div class='gallery-icon landscape'>\n\t\t\t\t<a href='https:\/\/archive.sana.sy\/tr\/wp-content\/uploads\/2021\/05\/2-28.jpg'><img loading=\"lazy\" decoding=\"async\" width=\"660\" height=\"371\" src=\"https:\/\/archive.sana.sy\/tr\/wp-content\/uploads\/2021\/05\/2-28.jpg\" class=\"attachment-full size-full\" alt=\"\" srcset=\"https:\/\/archive.sana.sy\/tr\/wp-content\/uploads\/2021\/05\/2-28.jpg 660w, https:\/\/archive.sana.sy\/tr\/wp-content\/uploads\/2021\/05\/2-28-300x169.jpg 300w, https:\/\/archive.sana.sy\/tr\/wp-content\/uploads\/2021\/05\/2-28-150x84.jpg 150w\" sizes=\"auto, (max-width: 660px) 100vw, 660px\" \/><\/a>\n\t\t\t<\/div><\/figure><figure class='gallery-item'>\n\t\t\t<div class='gallery-icon landscape'>\n\t\t\t\t<a href='https:\/\/archive.sana.sy\/tr\/wp-content\/uploads\/2021\/05\/3-28.jpg'><img loading=\"lazy\" decoding=\"async\" width=\"660\" height=\"371\" src=\"https:\/\/archive.sana.sy\/tr\/wp-content\/uploads\/2021\/05\/3-28.jpg\" class=\"attachment-full size-full\" alt=\"\" srcset=\"https:\/\/archive.sana.sy\/tr\/wp-content\/uploads\/2021\/05\/3-28.jpg 660w, https:\/\/archive.sana.sy\/tr\/wp-content\/uploads\/2021\/05\/3-28-300x169.jpg 300w, https:\/\/archive.sana.sy\/tr\/wp-content\/uploads\/2021\/05\/3-28-150x84.jpg 150w\" sizes=\"auto, (max-width: 660px) 100vw, 660px\" \/><\/a>\n\t\t\t<\/div><\/figure><figure class='gallery-item'>\n\t\t\t<div class='gallery-icon landscape'>\n\t\t\t\t<a href='https:\/\/archive.sana.sy\/tr\/wp-content\/uploads\/2021\/05\/5-23.jpg'><img loading=\"lazy\" decoding=\"async\" width=\"660\" height=\"371\" src=\"https:\/\/archive.sana.sy\/tr\/wp-content\/uploads\/2021\/05\/5-23.jpg\" class=\"attachment-full size-full\" alt=\"\" srcset=\"https:\/\/archive.sana.sy\/tr\/wp-content\/uploads\/2021\/05\/5-23.jpg 660w, https:\/\/archive.sana.sy\/tr\/wp-content\/uploads\/2021\/05\/5-23-300x169.jpg 300w, https:\/\/archive.sana.sy\/tr\/wp-content\/uploads\/2021\/05\/5-23-150x84.jpg 150w\" sizes=\"auto, (max-width: 660px) 100vw, 660px\" \/><\/a>\n\t\t\t<\/div><\/figure>\n\t\t<\/div>\n\n","protected":false},"excerpt":{"rendered":"<p>HOMS \u2013 Homs k\u0131rsal\u0131n\u0131n kuzeyinde yetkili makamlar taraf\u0131ndan s\u00fcrd\u00fcr\u00fclen arama tarama operasyonlar\u0131 \u00e7er\u00e7evesinde, ter\u00f6r gruplar\u0131ndan kalan \u00e7e\u015fitli silah ve m\u00fchimmat ele ge\u00e7irdi. Homs SANA muhabiri, g\u00fcvenlik birimlerinin Homs k\u0131rsal\u0131n\u0131n kuzeyindeki ger\u00e7ekle\u015ftirdi\u011fi arama tarama operasyonlar\u0131 s\u0131ras\u0131nda radikal ter\u00f6r gruplar\u0131ndan kalma Bat\u0131 yap\u0131m\u0131 b\u00fcy\u00fck miktarda silah ve m\u00fchimmat ele ge\u00e7irdiklerini belirtti. \u00c7eviri: M.Y<\/p>\n","protected":false},"author":36,"featured_media":233195,"comment_status":"closed","ping_status":"closed","sticky":false,"template":"","format":"standard","meta":{"footnotes":""},"categories":[596,479,575,17988,478],"tags":[],"class_list":["post-233189","post","type-post","status-publish","format-standard","has-post-thumbnail","","category-fotografli-raporlar","category-haberler-yerel","category-olaylar-ve-gercekler","category-son-haberler","category-yerel"],"_links":{"self":[{"href":"https:\/\/archive.sana.sy\/tr\/index.php?rest_route=\/wp\/v2\/posts\/233189","targetHints":{"allow":["GET"]}}],"collection":[{"href":"https:\/\/archive.sana.sy\/tr\/index.php?rest_route=\/wp\/v2\/posts"}],"about":[{"href":"https:\/\/archive.sana.sy\/tr\/index.php?rest_route=\/wp\/v2\/types\/post"}],"author":[{"embeddable":true,"href":"https:\/\/archive.sana.sy\/tr\/index.php?rest_route=\/wp\/v2\/users\/36"}],"replies":[{"embeddable":true,"href":"https:\/\/archive.sana.sy\/tr\/index.php?rest_route=%2Fwp%2Fv2%2Fcomments&post=233189"}],"version-history":[{"count":0,"href":"https:\/\/archive.sana.sy\/tr\/index.php?rest_route=\/wp\/v2\/posts\/233189\/revisions"}],"wp:featuredmedia":[{"embeddable":true,"href":"https:\/\/archive.sana.sy\/tr\/index.php?rest_route=\/wp\/v2\/media\/233195"}],"wp:attachment":[{"href":"https:\/\/archive.sana.sy\/tr\/index.php?rest_route=%2Fwp%2Fv2%2Fmedia&parent=233189"}],"wp:term":[{"taxonomy":"category","embeddable":true,"href":"https:\/\/archive.sana.sy\/tr\/index.php?rest_route=%2Fwp%2Fv2%2Fcategories&post=233189"},{"taxonomy":"post_tag","embeddable":true,"href":"https:\/\/archive.sana.sy\/tr\/index.php?rest_route=%2Fwp%2Fv2%2Ftags&post=233189"}],"curies":[{"name":"wp","href":"https:\/\/api.w.org\/{rel}","templated":true}]}}