{"id":233249,"date":"2021-05-04T08:00:52","date_gmt":"2021-05-04T05:00:52","guid":{"rendered":"http:\/\/107.6.182.27\/tr\/?p=233249"},"modified":"2021-05-05T08:04:15","modified_gmt":"2021-05-05T05:04:15","slug":"dsg-milisleri-el-cezire-bolgesinde-halka-karsi-suclu-uygulamalarina-devam-ediyor","status":"publish","type":"post","link":"https:\/\/archive.sana.sy\/tr\/?p=233249","title":{"rendered":"DSG Milisleri El Cezire B\u00f6lgesinde Halka Kar\u015f\u0131 Su\u00e7lu Uygulamalar\u0131na Devam Ediyor"},"content":{"rendered":"<p>RAKKA-Deyrezzor \u2013 Amerikan i\u015fgal g\u00fc\u00e7leri taraf\u0131ndan desteklenen &#8220;DSG\u201d milisleri, El Cezire b\u00f6lgesinde konu\u015fland\u0131klar\u0131 b\u00f6lgelerde halka kar\u015f\u0131 su\u00e7lu uygulamalar\u0131na devam ederek, Rakka k\u0131rsal\u0131ndaki vatanda\u015flar\u0131n evlerini buldozerlerle y\u0131kt\u0131 ve Deyrezzor k\u0131rsal\u0131nda ise vatanda\u015flar\u0131n motosikletlerini de yakt\u0131.<\/p>\n<p>Rakka\u2019daki yerel kaynaklar SANA muhabirine, DSG milislerinin, Ayn \u0130sa k\u0131rsal\u0131nda yer alan Avad k\u00f6y\u00fcnde birke\u00e7 evi y\u0131kt\u0131\u011f\u0131n\u0131 belirtti.<\/p>\n<p>Deyrezzor\u2019daki kaynaklar ise, Deyrezzor \u015fehrinin do\u011fusunda yer alan el \u015eehil kentinde DSG milislerinin, halk\u0131n motosikletlerine ele ge\u00e7irip yakt\u0131\u011f\u0131n\u0131 belirtti.<\/p>\n<p><em>\u00a0<\/em><\/p>\n","protected":false},"excerpt":{"rendered":"<p>RAKKA-Deyrezzor \u2013 Amerikan i\u015fgal g\u00fc\u00e7leri taraf\u0131ndan desteklenen &#8220;DSG\u201d milisleri, El Cezire b\u00f6lgesinde konu\u015fland\u0131klar\u0131 b\u00f6lgelerde halka kar\u015f\u0131 su\u00e7lu uygulamalar\u0131na devam ederek, Rakka k\u0131rsal\u0131ndaki vatanda\u015flar\u0131n evlerini buldozerlerle y\u0131kt\u0131 ve Deyrezzor k\u0131rsal\u0131nda ise vatanda\u015flar\u0131n motosikletlerini de yakt\u0131. Rakka\u2019daki yerel kaynaklar SANA muhabirine, DSG milislerinin, Ayn \u0130sa k\u0131rsal\u0131nda yer alan Avad k\u00f6y\u00fcnde birke\u00e7 evi y\u0131kt\u0131\u011f\u0131n\u0131 belirtti. Deyrezzor\u2019daki kaynaklar ise, &hellip;<\/p>\n","protected":false},"author":36,"featured_media":233251,"comment_status":"closed","ping_status":"closed","sticky":false,"template":"","format":"standard","meta":{"footnotes":""},"categories":[479,575,17988,478],"tags":[],"class_list":["post-233249","post","type-post","status-publish","format-standard","has-post-thumbnail","","category-haberler-yerel","category-olaylar-ve-gercekler","category-son-haberler","category-yerel"],"_links":{"self":[{"href":"https:\/\/archive.sana.sy\/tr\/index.php?rest_route=\/wp\/v2\/posts\/233249","targetHints":{"allow":["GET"]}}],"collection":[{"href":"https:\/\/archive.sana.sy\/tr\/index.php?rest_route=\/wp\/v2\/posts"}],"about":[{"href":"https:\/\/archive.sana.sy\/tr\/index.php?rest_route=\/wp\/v2\/types\/post"}],"author":[{"embeddable":true,"href":"https:\/\/archive.sana.sy\/tr\/index.php?rest_route=\/wp\/v2\/users\/36"}],"replies":[{"embeddable":true,"href":"https:\/\/archive.sana.sy\/tr\/index.php?rest_route=%2Fwp%2Fv2%2Fcomments&post=233249"}],"version-history":[{"count":0,"href":"https:\/\/archive.sana.sy\/tr\/index.php?rest_route=\/wp\/v2\/posts\/233249\/revisions"}],"wp:featuredmedia":[{"embeddable":true,"href":"https:\/\/archive.sana.sy\/tr\/index.php?rest_route=\/wp\/v2\/media\/233251"}],"wp:attachment":[{"href":"https:\/\/archive.sana.sy\/tr\/index.php?rest_route=%2Fwp%2Fv2%2Fmedia&parent=233249"}],"wp:term":[{"taxonomy":"category","embeddable":true,"href":"https:\/\/archive.sana.sy\/tr\/index.php?rest_route=%2Fwp%2Fv2%2Fcategories&post=233249"},{"taxonomy":"post_tag","embeddable":true,"href":"https:\/\/archive.sana.sy\/tr\/index.php?rest_route=%2Fwp%2Fv2%2Ftags&post=233249"}],"curies":[{"name":"wp","href":"https:\/\/api.w.org\/{rel}","templated":true}]}}