{"id":23327,"date":"2015-02-08T16:34:10","date_gmt":"2015-02-08T14:34:10","guid":{"rendered":"http:\/\/www.sana.sy\/tr\/?p=23327"},"modified":"2015-02-08T16:34:10","modified_gmt":"2015-02-08T14:34:10","slug":"teroristler-yine-insani-yardimlarin-girisini-engelledi","status":"publish","type":"post","link":"https:\/\/archive.sana.sy\/tr\/?p=23327","title":{"rendered":"Ter\u00f6ristler Yine \u0130nsani Yard\u0131mlar\u0131n Giri\u015fini Engelledi"},"content":{"rendered":"<p>\u015eAM \u2013 Ba\u015fkent \u015eam\u2019\u0131n kenar mahallelerinden Yerm\u00fck Semtinde ter\u00f6ristler semt ahalisine ge\u00e7irilmek istenen insani yard\u0131mlar\u0131 engelledi.<\/p>\n<p>Suriye&#8217;de ya\u015fayan Filistinli M\u00fclteciler Kurumu M\u00fcd\u00fcr\u00fc Ali Mustafa bug\u00fcn yay\u0131nlad\u0131\u011f\u0131 ve bir n\u00fcshas\u0131 SANA\u2019ya ula\u015ft\u0131r\u0131lan beyan\u0131nda; Filistinli m\u00fcltecilerin yo\u011fun olarak ya\u015fad\u0131klar\u0131 semtte mevcut ter\u00f6ristlerin insani yard\u0131mlar\u0131n da\u011f\u0131t\u0131ld\u0131\u011f\u0131 b\u00f6lgeye ate\u015f a\u00e7t\u0131klar\u0131n\u0131 belirtti.<\/p>\n<p>Ter\u00f6ristlerin b\u00f6lgede bomba d\u00fczenekleri yerle\u015ftirerek semt ahalisinin insani yard\u0131mlar\u0131n da\u011f\u0131t\u0131ld\u0131\u011f\u0131 yere gelmelerini engellediklerini belirten Mustafa; d\u0131\u015f g\u00fc\u00e7lerin patronajl\u0131\u011f\u0131ndaki tekfirci ve hainlerin semt ahalisinin ac\u0131lar\u0131yla ticaret yapt\u0131klar\u0131na dikkat \u00e7ekti.<\/p>\n<p>Mustafa ter\u00f6ristlerin a\u00e7t\u0131klar\u0131 ate\u015f ve havaya u\u00e7urduklar\u0131 bomba d\u00fczenekleri ard\u0131ndan insani yard\u0131m konvoylar\u0131n\u0131n b\u00f6lgeden \u00e7ekilmek zorunda kald\u0131klar\u0131n\u0131 a\u00e7\u0131klad\u0131.<\/p>\n<p>Bu arada Suriye h\u00fck\u00fcmetinin deste\u011fi ve sa\u011flad\u0131\u011f\u0131 kolayl\u0131klarla 2014 y\u0131l\u0131nda Yerm\u00fck ahalisine 55 binden fazla g\u0131da, 11 binden de fazla t\u0131bbi yard\u0131m paketi da\u011f\u0131t\u0131ld\u0131.<\/p>\n<p>Yerm\u00fck Semtinde bulunan ter\u00f6r \u00e7eteleri dokuz haftad\u0131r insani yard\u0131mlar\u0131n semt ahalisine girmelerini engellerken, en son d\u00fcn Babbila ekseninden bir insani yard\u0131m konvoyu ge\u00e7irilmi\u015fti.<\/p>\n<p>A.A. &#8211; M.M.<\/p>\n","protected":false},"excerpt":{"rendered":"<p>\u015eAM \u2013 Ba\u015fkent \u015eam\u2019\u0131n kenar mahallelerinden Yerm\u00fck Semtinde ter\u00f6ristler semt ahalisine ge\u00e7irilmek istenen insani yard\u0131mlar\u0131 engelledi. Suriye&#8217;de ya\u015fayan Filistinli M\u00fclteciler Kurumu M\u00fcd\u00fcr\u00fc Ali Mustafa bug\u00fcn yay\u0131nlad\u0131\u011f\u0131 ve bir n\u00fcshas\u0131 SANA\u2019ya ula\u015ft\u0131r\u0131lan beyan\u0131nda; Filistinli m\u00fcltecilerin yo\u011fun olarak ya\u015fad\u0131klar\u0131 semtte mevcut ter\u00f6ristlerin insani yard\u0131mlar\u0131n da\u011f\u0131t\u0131ld\u0131\u011f\u0131 b\u00f6lgeye ate\u015f a\u00e7t\u0131klar\u0131n\u0131 belirtti. Ter\u00f6ristlerin b\u00f6lgede bomba d\u00fczenekleri yerle\u015ftirerek semt ahalisinin insani &hellip;<\/p>\n","protected":false},"author":1,"featured_media":23328,"comment_status":"closed","ping_status":"closed","sticky":false,"template":"","format":"standard","meta":{"footnotes":""},"categories":[479,575,478],"tags":[11312,11311],"class_list":["post-23327","post","type-post","status-publish","format-standard","has-post-thumbnail","","category-haberler-yerel","category-olaylar-ve-gercekler","category-yerel","tag-sam-baskent-samin-kenar-mahallelerinden-yermuk-semtinde-teroristler-semt-ahalisine-gecirilmek-istenen-insani-yardimlari-engelledi","tag-teroristler-yine-insani-yardimlarin-girisini-engelledi"],"_links":{"self":[{"href":"https:\/\/archive.sana.sy\/tr\/index.php?rest_route=\/wp\/v2\/posts\/23327","targetHints":{"allow":["GET"]}}],"collection":[{"href":"https:\/\/archive.sana.sy\/tr\/index.php?rest_route=\/wp\/v2\/posts"}],"about":[{"href":"https:\/\/archive.sana.sy\/tr\/index.php?rest_route=\/wp\/v2\/types\/post"}],"author":[{"embeddable":true,"href":"https:\/\/archive.sana.sy\/tr\/index.php?rest_route=\/wp\/v2\/users\/1"}],"replies":[{"embeddable":true,"href":"https:\/\/archive.sana.sy\/tr\/index.php?rest_route=%2Fwp%2Fv2%2Fcomments&post=23327"}],"version-history":[{"count":0,"href":"https:\/\/archive.sana.sy\/tr\/index.php?rest_route=\/wp\/v2\/posts\/23327\/revisions"}],"wp:featuredmedia":[{"embeddable":true,"href":"https:\/\/archive.sana.sy\/tr\/index.php?rest_route=\/wp\/v2\/media\/23328"}],"wp:attachment":[{"href":"https:\/\/archive.sana.sy\/tr\/index.php?rest_route=%2Fwp%2Fv2%2Fmedia&parent=23327"}],"wp:term":[{"taxonomy":"category","embeddable":true,"href":"https:\/\/archive.sana.sy\/tr\/index.php?rest_route=%2Fwp%2Fv2%2Fcategories&post=23327"},{"taxonomy":"post_tag","embeddable":true,"href":"https:\/\/archive.sana.sy\/tr\/index.php?rest_route=%2Fwp%2Fv2%2Ftags&post=23327"}],"curies":[{"name":"wp","href":"https:\/\/api.w.org\/{rel}","templated":true}]}}