{"id":233322,"date":"2021-05-05T08:13:30","date_gmt":"2021-05-05T05:13:30","guid":{"rendered":"http:\/\/107.6.182.27\/tr\/?p=233322"},"modified":"2021-05-06T08:12:57","modified_gmt":"2021-05-06T05:12:57","slug":"turk-isgali-ve-kiraliklari-halep-kirsalindaki-koylere-fuzelerle-saldirdi","status":"publish","type":"post","link":"https:\/\/archive.sana.sy\/tr\/?p=233322","title":{"rendered":"T\u00fcrk \u0130\u015fgali ve Kiral\u0131klar\u0131, Halep K\u0131rsal\u0131ndaki K\u00f6ylere F\u00fczelerle Sald\u0131rd\u0131"},"content":{"rendered":"<p>HALEP \u2013 T\u00fcrk i\u015fgal g\u00fc\u00e7leri ve ter\u00f6r gruplar\u0131ndan kiral\u0131klar\u0131, Halep l\u0131rsal\u0131n\u0131n kuzeyindeki birke\u00e7 k\u00f6ye y\u00f6nelik f\u00fcze ve top mermisi ile sald\u0131rlar\u0131n\u0131 yeniledi.<\/p>\n<p>Yerel kaynaklar SANA\u2019ya, T\u00fcrk i\u015fgal g\u00fc\u00e7leri ve kiral\u0131klar\u0131ndan gelen \u00e7ok say\u0131da f\u00fcze ve top mermisinin, \u200bHalep \u015fehrinin kuzeyinde yer alan Maranaz, Harbel, \u015eeyh \u0130sa ve \u015eeyh Hilal k\u00f6ylerine d\u00fc\u015ft\u00fc\u011f\u00fcn\u00fc belirtti.<\/p>\n<p>Kaynak, s\u00f6z konusu sald\u0131r\u0131lar sonucunda, kamu ve \u00f6zel m\u00fclklerde maddi hasarlara yol a\u00e7t\u0131\u011f\u0131na i\u015faret etti.<\/p>\n<p>\u00c7eviri: M.Y<\/p>\n","protected":false},"excerpt":{"rendered":"<p>HALEP \u2013 T\u00fcrk i\u015fgal g\u00fc\u00e7leri ve ter\u00f6r gruplar\u0131ndan kiral\u0131klar\u0131, Halep l\u0131rsal\u0131n\u0131n kuzeyindeki birke\u00e7 k\u00f6ye y\u00f6nelik f\u00fcze ve top mermisi ile sald\u0131rlar\u0131n\u0131 yeniledi. Yerel kaynaklar SANA\u2019ya, T\u00fcrk i\u015fgal g\u00fc\u00e7leri ve kiral\u0131klar\u0131ndan gelen \u00e7ok say\u0131da f\u00fcze ve top mermisinin, \u200bHalep \u015fehrinin kuzeyinde yer alan Maranaz, Harbel, \u015eeyh \u0130sa ve \u015eeyh Hilal k\u00f6ylerine d\u00fc\u015ft\u00fc\u011f\u00fcn\u00fc belirtti. Kaynak, s\u00f6z konusu &hellip;<\/p>\n","protected":false},"author":36,"featured_media":233323,"comment_status":"closed","ping_status":"closed","sticky":false,"template":"","format":"standard","meta":{"footnotes":""},"categories":[479,575,17988,2554,2555,478],"tags":[],"class_list":["post-233322","post","type-post","status-publish","format-standard","has-post-thumbnail","","category-haberler-yerel","category-olaylar-ve-gercekler","category-son-haberler","category-suriye-ve-dunya","category-suriye-ve-turkiye","category-yerel"],"_links":{"self":[{"href":"https:\/\/archive.sana.sy\/tr\/index.php?rest_route=\/wp\/v2\/posts\/233322","targetHints":{"allow":["GET"]}}],"collection":[{"href":"https:\/\/archive.sana.sy\/tr\/index.php?rest_route=\/wp\/v2\/posts"}],"about":[{"href":"https:\/\/archive.sana.sy\/tr\/index.php?rest_route=\/wp\/v2\/types\/post"}],"author":[{"embeddable":true,"href":"https:\/\/archive.sana.sy\/tr\/index.php?rest_route=\/wp\/v2\/users\/36"}],"replies":[{"embeddable":true,"href":"https:\/\/archive.sana.sy\/tr\/index.php?rest_route=%2Fwp%2Fv2%2Fcomments&post=233322"}],"version-history":[{"count":0,"href":"https:\/\/archive.sana.sy\/tr\/index.php?rest_route=\/wp\/v2\/posts\/233322\/revisions"}],"wp:featuredmedia":[{"embeddable":true,"href":"https:\/\/archive.sana.sy\/tr\/index.php?rest_route=\/wp\/v2\/media\/233323"}],"wp:attachment":[{"href":"https:\/\/archive.sana.sy\/tr\/index.php?rest_route=%2Fwp%2Fv2%2Fmedia&parent=233322"}],"wp:term":[{"taxonomy":"category","embeddable":true,"href":"https:\/\/archive.sana.sy\/tr\/index.php?rest_route=%2Fwp%2Fv2%2Fcategories&post=233322"},{"taxonomy":"post_tag","embeddable":true,"href":"https:\/\/archive.sana.sy\/tr\/index.php?rest_route=%2Fwp%2Fv2%2Ftags&post=233322"}],"curies":[{"name":"wp","href":"https:\/\/api.w.org\/{rel}","templated":true}]}}