{"id":233325,"date":"2021-05-05T10:17:14","date_gmt":"2021-05-05T07:17:14","guid":{"rendered":"http:\/\/107.6.182.27\/tr\/?p=233325"},"modified":"2021-05-06T08:13:04","modified_gmt":"2021-05-06T05:13:04","slug":"israil-isgal-gucleri-bati-yakanin-farkli-bolgelerinde-14-filistinliyi-tutukladi","status":"publish","type":"post","link":"https:\/\/archive.sana.sy\/tr\/?p=233325","title":{"rendered":"\u0130srail \u0130\u015fgal G\u00fc\u00e7leri, Bat\u0131 Yaka\u2019n\u0131n Farkl\u0131 B\u00f6lgelerinde 14 Filistinliyi Tutuklad\u0131"},"content":{"rendered":"<p>\u0130\u015eGAL ALTINDAK\u0130 KUD\u00dcS \u2013 \u0130srail i\u015fgal g\u00fc\u00e7leri, Bat\u0131 yaka\u2019n\u0131n farkl\u0131 b\u00f6lgelerinde 14 Filistinliyi tutuklad\u0131.<\/p>\n<p>WAFA Haber Ajans\u0131, \u0130srail i\u015fgal g\u00fc\u00e7lerinin, el Halil\u2019deki Azne beldesi ve Hadib el favar b\u00f6lgesine, Ramallah\u2019\u0131n kuzeyindeki Tirmsaya beldesine ve i\u015fgal altindeki Kud\u00fcs\u2019teki Hazma ve Dura beldeleri ve el \u015eeyh Cerah Mahallesine bask\u0131n d\u00fczenledi\u011fini belirtirken, 14 Filistinliyi tutuklad\u0131\u011f\u0131na i\u015faret etti.<\/p>\n<p>\u00c7eviri: M.Y<\/p>\n","protected":false},"excerpt":{"rendered":"<p>\u0130\u015eGAL ALTINDAK\u0130 KUD\u00dcS \u2013 \u0130srail i\u015fgal g\u00fc\u00e7leri, Bat\u0131 yaka\u2019n\u0131n farkl\u0131 b\u00f6lgelerinde 14 Filistinliyi tutuklad\u0131. WAFA Haber Ajans\u0131, \u0130srail i\u015fgal g\u00fc\u00e7lerinin, el Halil\u2019deki Azne beldesi ve Hadib el favar b\u00f6lgesine, Ramallah\u2019\u0131n kuzeyindeki Tirmsaya beldesine ve i\u015fgal altindeki Kud\u00fcs\u2019teki Hazma ve Dura beldeleri ve el \u015eeyh Cerah Mahallesine bask\u0131n d\u00fczenledi\u011fini belirtirken, 14 Filistinliyi tutuklad\u0131\u011f\u0131na i\u015faret etti. \u00c7eviri: &hellip;<\/p>\n","protected":false},"author":36,"featured_media":233326,"comment_status":"closed","ping_status":"closed","sticky":false,"template":"","format":"standard","meta":{"footnotes":""},"categories":[458,459,17988],"tags":[],"class_list":["post-233325","post","type-post","status-publish","format-standard","has-post-thumbnail","","category-dunya1","category-haberler-arap-uluslararasi-politika","category-son-haberler"],"_links":{"self":[{"href":"https:\/\/archive.sana.sy\/tr\/index.php?rest_route=\/wp\/v2\/posts\/233325","targetHints":{"allow":["GET"]}}],"collection":[{"href":"https:\/\/archive.sana.sy\/tr\/index.php?rest_route=\/wp\/v2\/posts"}],"about":[{"href":"https:\/\/archive.sana.sy\/tr\/index.php?rest_route=\/wp\/v2\/types\/post"}],"author":[{"embeddable":true,"href":"https:\/\/archive.sana.sy\/tr\/index.php?rest_route=\/wp\/v2\/users\/36"}],"replies":[{"embeddable":true,"href":"https:\/\/archive.sana.sy\/tr\/index.php?rest_route=%2Fwp%2Fv2%2Fcomments&post=233325"}],"version-history":[{"count":0,"href":"https:\/\/archive.sana.sy\/tr\/index.php?rest_route=\/wp\/v2\/posts\/233325\/revisions"}],"wp:featuredmedia":[{"embeddable":true,"href":"https:\/\/archive.sana.sy\/tr\/index.php?rest_route=\/wp\/v2\/media\/233326"}],"wp:attachment":[{"href":"https:\/\/archive.sana.sy\/tr\/index.php?rest_route=%2Fwp%2Fv2%2Fmedia&parent=233325"}],"wp:term":[{"taxonomy":"category","embeddable":true,"href":"https:\/\/archive.sana.sy\/tr\/index.php?rest_route=%2Fwp%2Fv2%2Fcategories&post=233325"},{"taxonomy":"post_tag","embeddable":true,"href":"https:\/\/archive.sana.sy\/tr\/index.php?rest_route=%2Fwp%2Fv2%2Ftags&post=233325"}],"curies":[{"name":"wp","href":"https:\/\/api.w.org\/{rel}","templated":true}]}}