{"id":233328,"date":"2021-05-05T11:02:19","date_gmt":"2021-05-05T08:02:19","guid":{"rendered":"http:\/\/107.6.182.27\/tr\/?p=233328"},"modified":"2021-05-06T08:13:07","modified_gmt":"2021-05-06T05:13:07","slug":"turk-isgalinin-kiraliklari-rakka-ve-halep-kirsallarindan-birkac-sivili-kacirdi","status":"publish","type":"post","link":"https:\/\/archive.sana.sy\/tr\/?p=233328","title":{"rendered":"T\u00fcrk \u0130\u015fgalinin Kiral\u0131klar\u0131 Rakka ve Halep K\u0131rsallar\u0131ndan Birka\u00e7 Sivili Ka\u00e7\u0131rd\u0131"},"content":{"rendered":"<p>RAKKA-HALEP \u2013 Ter\u00f6r gruplar\u0131ndan T\u00fcrk i\u015fgaline ba\u011fl\u0131 kiral\u0131klar, Rakka ve Halep k\u0131rsallar\u0131nda yer alan Keba\u015fin k\u00f6y\u00fcnde ve Hamam el T\u00fcrkmen beldesinde, aralar\u0131ndan kad\u0131nlar bulundu\u011fu birke\u00e7 sivili ka\u00e7\u0131rd\u0131.<\/p>\n<p>Yerel kaynaklar SANA muhabirine, T\u00fcrk i\u015fgal g\u00fc\u00e7lerinin kiral\u0131klar\u0131n\u0131n, Rakka \u015fehrinin kuzeyinde yer alan Tel Abyad kentindeki Hamam el T\u00fcrkmen beldesindeki vatanda\u015flar\u0131n evlerine bask\u0131n d\u00fczenledi\u011fini belirtirken, aralar\u0131nda kad\u0131nlar\u0131n bulundu\u011fu birka\u00e7 sivili ka\u00e7\u0131r\u0131d\u0131\u011f\u0131na i\u015faret etti.<\/p>\n<p>Halep k\u0131rsal\u0131n\u0131n kuzeyindeki yerel kaynaklar SANA muahabirine, T\u00fcrk i\u015fgal g\u00fc\u00e7lerine ba\u011fl\u0131 s\u00f6zde &#8220;\u015eam T\u00fcmeni&#8221; ter\u00f6r gruplar\u0131n\u0131n, Afrin b\u00f6lgesinde yere alan Keba\u015fin k\u00f6y\u00fcne bask\u0131n d\u00fczenledi\u011fini belirtirken, 2 sivili ka\u00e7\u0131r\u0131p bilinmeyen bir yere g\u00f6t\u00fcrd\u00fc\u011f\u00fcn\u00fc belirtti.<\/p>\n","protected":false},"excerpt":{"rendered":"<p>RAKKA-HALEP \u2013 Ter\u00f6r gruplar\u0131ndan T\u00fcrk i\u015fgaline ba\u011fl\u0131 kiral\u0131klar, Rakka ve Halep k\u0131rsallar\u0131nda yer alan Keba\u015fin k\u00f6y\u00fcnde ve Hamam el T\u00fcrkmen beldesinde, aralar\u0131ndan kad\u0131nlar bulundu\u011fu birke\u00e7 sivili ka\u00e7\u0131rd\u0131. Yerel kaynaklar SANA muhabirine, T\u00fcrk i\u015fgal g\u00fc\u00e7lerinin kiral\u0131klar\u0131n\u0131n, Rakka \u015fehrinin kuzeyinde yer alan Tel Abyad kentindeki Hamam el T\u00fcrkmen beldesindeki vatanda\u015flar\u0131n evlerine bask\u0131n d\u00fczenledi\u011fini belirtirken, aralar\u0131nda kad\u0131nlar\u0131n bulundu\u011fu &hellip;<\/p>\n","protected":false},"author":36,"featured_media":233332,"comment_status":"closed","ping_status":"closed","sticky":false,"template":"","format":"standard","meta":{"footnotes":""},"categories":[479,575,17988,2554,2555,478],"tags":[],"class_list":["post-233328","post","type-post","status-publish","format-standard","has-post-thumbnail","","category-haberler-yerel","category-olaylar-ve-gercekler","category-son-haberler","category-suriye-ve-dunya","category-suriye-ve-turkiye","category-yerel"],"_links":{"self":[{"href":"https:\/\/archive.sana.sy\/tr\/index.php?rest_route=\/wp\/v2\/posts\/233328","targetHints":{"allow":["GET"]}}],"collection":[{"href":"https:\/\/archive.sana.sy\/tr\/index.php?rest_route=\/wp\/v2\/posts"}],"about":[{"href":"https:\/\/archive.sana.sy\/tr\/index.php?rest_route=\/wp\/v2\/types\/post"}],"author":[{"embeddable":true,"href":"https:\/\/archive.sana.sy\/tr\/index.php?rest_route=\/wp\/v2\/users\/36"}],"replies":[{"embeddable":true,"href":"https:\/\/archive.sana.sy\/tr\/index.php?rest_route=%2Fwp%2Fv2%2Fcomments&post=233328"}],"version-history":[{"count":0,"href":"https:\/\/archive.sana.sy\/tr\/index.php?rest_route=\/wp\/v2\/posts\/233328\/revisions"}],"wp:featuredmedia":[{"embeddable":true,"href":"https:\/\/archive.sana.sy\/tr\/index.php?rest_route=\/wp\/v2\/media\/233332"}],"wp:attachment":[{"href":"https:\/\/archive.sana.sy\/tr\/index.php?rest_route=%2Fwp%2Fv2%2Fmedia&parent=233328"}],"wp:term":[{"taxonomy":"category","embeddable":true,"href":"https:\/\/archive.sana.sy\/tr\/index.php?rest_route=%2Fwp%2Fv2%2Fcategories&post=233328"},{"taxonomy":"post_tag","embeddable":true,"href":"https:\/\/archive.sana.sy\/tr\/index.php?rest_route=%2Fwp%2Fv2%2Ftags&post=233328"}],"curies":[{"name":"wp","href":"https:\/\/api.w.org\/{rel}","templated":true}]}}