{"id":233335,"date":"2021-05-05T13:05:20","date_gmt":"2021-05-05T10:05:20","guid":{"rendered":"http:\/\/107.6.182.27\/tr\/?p=233335"},"modified":"2021-05-06T16:26:04","modified_gmt":"2021-05-06T13:26:04","slug":"dera-kirsalinda-teror-gruplarindan-kalan-silah-ve-muhimmat-ele-gecirildi","status":"publish","type":"post","link":"https:\/\/archive.sana.sy\/tr\/?p=233335","title":{"rendered":"Dera K\u0131rsal\u0131nda Ter\u00f6r Gruplar\u0131ndan Kalan Silah ve M\u00fchimmat Ele Ge\u00e7irildi"},"content":{"rendered":"<p>DERA \u2013 Dera SANA muhabiri, yetkili makamlar\u0131n bug\u00fcn Dera k\u0131rsal\u0131n\u0131n do\u011fusunda ve Lajat \u00e7\u00f6l\u00fcndeki ter\u00f6rist gruplar\u0131n karagahlar\u0131nda saklanan \u00e7ok miktarda silah ve m\u00fchimmat ele ge\u00e7irdi\u011fini belirtti.<\/p>\n<p>\u00c7eviri: M.Y<\/p>\n<div id='gallery-1' class='gallery galleryid-233335 gallery-columns-1 gallery-size-full'><figure class='gallery-item'>\n\t\t\t<div class='gallery-icon landscape'>\n\t\t\t\t<a href='https:\/\/archive.sana.sy\/tr\/wp-content\/uploads\/2021\/05\/w122.gif'><img loading=\"lazy\" decoding=\"async\" width=\"660\" height=\"417\" src=\"https:\/\/archive.sana.sy\/tr\/wp-content\/uploads\/2021\/05\/w122.gif\" class=\"attachment-full size-full\" alt=\"\" \/><\/a>\n\t\t\t<\/div><\/figure><figure class='gallery-item'>\n\t\t\t<div class='gallery-icon landscape'>\n\t\t\t\t<a href='https:\/\/archive.sana.sy\/tr\/wp-content\/uploads\/2021\/05\/w123.gif'><img loading=\"lazy\" decoding=\"async\" width=\"660\" height=\"412\" src=\"https:\/\/archive.sana.sy\/tr\/wp-content\/uploads\/2021\/05\/w123.gif\" class=\"attachment-full size-full\" alt=\"\" \/><\/a>\n\t\t\t<\/div><\/figure><figure class='gallery-item'>\n\t\t\t<div class='gallery-icon landscape'>\n\t\t\t\t<a href='https:\/\/archive.sana.sy\/tr\/wp-content\/uploads\/2021\/05\/w124.gif'><img loading=\"lazy\" decoding=\"async\" width=\"660\" height=\"417\" src=\"https:\/\/archive.sana.sy\/tr\/wp-content\/uploads\/2021\/05\/w124.gif\" class=\"attachment-full size-full\" alt=\"\" \/><\/a>\n\t\t\t<\/div><\/figure>\n\t\t<\/div>\n\n","protected":false},"excerpt":{"rendered":"<p>DERA \u2013 Dera SANA muhabiri, yetkili makamlar\u0131n bug\u00fcn Dera k\u0131rsal\u0131n\u0131n do\u011fusunda ve Lajat \u00e7\u00f6l\u00fcndeki ter\u00f6rist gruplar\u0131n karagahlar\u0131nda saklanan \u00e7ok miktarda silah ve m\u00fchimmat ele ge\u00e7irdi\u011fini belirtti. \u00c7eviri: M.Y<\/p>\n","protected":false},"author":36,"featured_media":233350,"comment_status":"closed","ping_status":"closed","sticky":false,"template":"","format":"standard","meta":{"footnotes":""},"categories":[596,479,575,17988,478],"tags":[],"class_list":["post-233335","post","type-post","status-publish","format-standard","has-post-thumbnail","","category-fotografli-raporlar","category-haberler-yerel","category-olaylar-ve-gercekler","category-son-haberler","category-yerel"],"_links":{"self":[{"href":"https:\/\/archive.sana.sy\/tr\/index.php?rest_route=\/wp\/v2\/posts\/233335","targetHints":{"allow":["GET"]}}],"collection":[{"href":"https:\/\/archive.sana.sy\/tr\/index.php?rest_route=\/wp\/v2\/posts"}],"about":[{"href":"https:\/\/archive.sana.sy\/tr\/index.php?rest_route=\/wp\/v2\/types\/post"}],"author":[{"embeddable":true,"href":"https:\/\/archive.sana.sy\/tr\/index.php?rest_route=\/wp\/v2\/users\/36"}],"replies":[{"embeddable":true,"href":"https:\/\/archive.sana.sy\/tr\/index.php?rest_route=%2Fwp%2Fv2%2Fcomments&post=233335"}],"version-history":[{"count":0,"href":"https:\/\/archive.sana.sy\/tr\/index.php?rest_route=\/wp\/v2\/posts\/233335\/revisions"}],"wp:featuredmedia":[{"embeddable":true,"href":"https:\/\/archive.sana.sy\/tr\/index.php?rest_route=\/wp\/v2\/media\/233350"}],"wp:attachment":[{"href":"https:\/\/archive.sana.sy\/tr\/index.php?rest_route=%2Fwp%2Fv2%2Fmedia&parent=233335"}],"wp:term":[{"taxonomy":"category","embeddable":true,"href":"https:\/\/archive.sana.sy\/tr\/index.php?rest_route=%2Fwp%2Fv2%2Fcategories&post=233335"},{"taxonomy":"post_tag","embeddable":true,"href":"https:\/\/archive.sana.sy\/tr\/index.php?rest_route=%2Fwp%2Fv2%2Ftags&post=233335"}],"curies":[{"name":"wp","href":"https:\/\/api.w.org\/{rel}","templated":true}]}}