{"id":233379,"date":"2021-05-06T08:15:27","date_gmt":"2021-05-06T05:15:27","guid":{"rendered":"http:\/\/107.6.182.27\/tr\/?p=233379"},"modified":"2021-05-07T08:39:31","modified_gmt":"2021-05-07T05:39:31","slug":"amerikan-isgali-calinti-suriye-bugdayi-tasiyan-yeni-bir-konvoyu-iraka-cikardi-2","status":"publish","type":"post","link":"https:\/\/archive.sana.sy\/tr\/?p=233379","title":{"rendered":"Amerikan \u0130\u015fgali \u00c7al\u0131nt\u0131 Suriye Bu\u011fday\u0131 Ta\u015f\u0131yan Yeni Bir Konvoyu Irak\u2019a \u00c7\u0131kard\u0131"},"content":{"rendered":"<p>HASEKE \u2013 Amerikan i\u015fgal g\u00fc\u00e7leri, \u00e7al\u0131nt\u0131 Suriye bu\u011fday\u0131 ile y\u00fckl\u00fc yeni bir konvoyu Haseke k\u0131rsal\u0131nda yer alan Tel Elo&#8217;nun silolar\u0131ndan Kuzey Irak&#8217;a do\u011fru ka\u00e7\u0131rd\u0131.<\/p>\n<p>Yerel kaynaklar SANA muhabirine, Tel Elo&#8217;nun silolar\u0131ndan \u00e7al\u0131nan Suriye bu\u011fday\u0131 y\u00fckl\u00fc 35 kamyondan olu\u015fan yeni bir konvoyunun, Ameriken i\u015fgal g\u00fc\u00e7lerinden desteklenen &#8220;DSG\u201d milislerine ba\u011fl\u0131 silahl\u0131 gruplar\u0131n korumas\u0131 alt\u0131nda, yasad\u0131\u015f\u0131 el Velid ge\u00e7idinden Irak&#8217;a do\u011fru ka\u00e7\u0131r\u0131ld\u0131\u011f\u0131n\u0131 belirtti.<\/p>\n<p>\u00c7eviri: M.Y<\/p>\n","protected":false},"excerpt":{"rendered":"<p>HASEKE \u2013 Amerikan i\u015fgal g\u00fc\u00e7leri, \u00e7al\u0131nt\u0131 Suriye bu\u011fday\u0131 ile y\u00fckl\u00fc yeni bir konvoyu Haseke k\u0131rsal\u0131nda yer alan Tel Elo&#8217;nun silolar\u0131ndan Kuzey Irak&#8217;a do\u011fru ka\u00e7\u0131rd\u0131. Yerel kaynaklar SANA muhabirine, Tel Elo&#8217;nun silolar\u0131ndan \u00e7al\u0131nan Suriye bu\u011fday\u0131 y\u00fckl\u00fc 35 kamyondan olu\u015fan yeni bir konvoyunun, Ameriken i\u015fgal g\u00fc\u00e7lerinden desteklenen &#8220;DSG\u201d milislerine ba\u011fl\u0131 silahl\u0131 gruplar\u0131n korumas\u0131 alt\u0131nda, yasad\u0131\u015f\u0131 el Velid &hellip;<\/p>\n","protected":false},"author":36,"featured_media":233380,"comment_status":"closed","ping_status":"closed","sticky":false,"template":"","format":"standard","meta":{"footnotes":""},"categories":[479,575,17988,478],"tags":[],"class_list":["post-233379","post","type-post","status-publish","format-standard","has-post-thumbnail","","category-haberler-yerel","category-olaylar-ve-gercekler","category-son-haberler","category-yerel"],"_links":{"self":[{"href":"https:\/\/archive.sana.sy\/tr\/index.php?rest_route=\/wp\/v2\/posts\/233379","targetHints":{"allow":["GET"]}}],"collection":[{"href":"https:\/\/archive.sana.sy\/tr\/index.php?rest_route=\/wp\/v2\/posts"}],"about":[{"href":"https:\/\/archive.sana.sy\/tr\/index.php?rest_route=\/wp\/v2\/types\/post"}],"author":[{"embeddable":true,"href":"https:\/\/archive.sana.sy\/tr\/index.php?rest_route=\/wp\/v2\/users\/36"}],"replies":[{"embeddable":true,"href":"https:\/\/archive.sana.sy\/tr\/index.php?rest_route=%2Fwp%2Fv2%2Fcomments&post=233379"}],"version-history":[{"count":0,"href":"https:\/\/archive.sana.sy\/tr\/index.php?rest_route=\/wp\/v2\/posts\/233379\/revisions"}],"wp:featuredmedia":[{"embeddable":true,"href":"https:\/\/archive.sana.sy\/tr\/index.php?rest_route=\/wp\/v2\/media\/233380"}],"wp:attachment":[{"href":"https:\/\/archive.sana.sy\/tr\/index.php?rest_route=%2Fwp%2Fv2%2Fmedia&parent=233379"}],"wp:term":[{"taxonomy":"category","embeddable":true,"href":"https:\/\/archive.sana.sy\/tr\/index.php?rest_route=%2Fwp%2Fv2%2Fcategories&post=233379"},{"taxonomy":"post_tag","embeddable":true,"href":"https:\/\/archive.sana.sy\/tr\/index.php?rest_route=%2Fwp%2Fv2%2Ftags&post=233379"}],"curies":[{"name":"wp","href":"https:\/\/api.w.org\/{rel}","templated":true}]}}