{"id":233451,"date":"2021-05-07T08:51:04","date_gmt":"2021-05-07T05:51:04","guid":{"rendered":"http:\/\/107.6.182.27\/tr\/?p=233451"},"modified":"2021-05-08T08:27:20","modified_gmt":"2021-05-08T05:27:20","slug":"sam-kirsalinda-bir-mayin-patladi-2-cocuk-sehit-dustu","status":"publish","type":"post","link":"https:\/\/archive.sana.sy\/tr\/?p=233451","title":{"rendered":"\u015eam K\u0131rsal\u0131nda Bir May\u0131n Patlad\u0131, 2 \u00c7ocuk \u015eehit D\u00fc\u015ft\u00fc"},"content":{"rendered":"<p>\u015eAM KIRSALI \u2013 \u015eam K\u0131rsal\u0131nda yer alan Kafer Batna b\u00f6lgesindeki Afitres k\u00f6y\u00fcnde, ter\u00f6r hruplar\u0131ndan kalan bir may\u0131n\u0131n patlamas\u0131 sonucunda 2 \u00e7ocuk \u015fehit d\u00fc\u015ft\u00fc.<\/p>\n<p>\u0130l Emniyet M\u00fcd\u00fcrl\u00fc\u011f\u00fcnden bir kaynak SANA muahbirine yapt\u0131\u011f\u0131 a\u00e7\u0131klamada, 10 ve 8 ya\u015flar\u0131nda iki \u00e7ocu\u011fun, ter\u00f6r gruplar\u0131ndan kalan bir may\u0131n\u0131n patlamas\u0131 sonucunda \u015fehit d\u00fc\u015ft\u00fcklerini belirtti.<\/p>\n<p>\u00c7eviri: M.Y<\/p>\n","protected":false},"excerpt":{"rendered":"<p>\u015eAM KIRSALI \u2013 \u015eam K\u0131rsal\u0131nda yer alan Kafer Batna b\u00f6lgesindeki Afitres k\u00f6y\u00fcnde, ter\u00f6r hruplar\u0131ndan kalan bir may\u0131n\u0131n patlamas\u0131 sonucunda 2 \u00e7ocuk \u015fehit d\u00fc\u015ft\u00fc. \u0130l Emniyet M\u00fcd\u00fcrl\u00fc\u011f\u00fcnden bir kaynak SANA muahbirine yapt\u0131\u011f\u0131 a\u00e7\u0131klamada, 10 ve 8 ya\u015flar\u0131nda iki \u00e7ocu\u011fun, ter\u00f6r gruplar\u0131ndan kalan bir may\u0131n\u0131n patlamas\u0131 sonucunda \u015fehit d\u00fc\u015ft\u00fcklerini belirtti. \u00c7eviri: M.Y<\/p>\n","protected":false},"author":36,"featured_media":233452,"comment_status":"closed","ping_status":"closed","sticky":false,"template":"","format":"standard","meta":{"footnotes":""},"categories":[479,575,17988,478],"tags":[],"class_list":["post-233451","post","type-post","status-publish","format-standard","has-post-thumbnail","","category-haberler-yerel","category-olaylar-ve-gercekler","category-son-haberler","category-yerel"],"_links":{"self":[{"href":"https:\/\/archive.sana.sy\/tr\/index.php?rest_route=\/wp\/v2\/posts\/233451","targetHints":{"allow":["GET"]}}],"collection":[{"href":"https:\/\/archive.sana.sy\/tr\/index.php?rest_route=\/wp\/v2\/posts"}],"about":[{"href":"https:\/\/archive.sana.sy\/tr\/index.php?rest_route=\/wp\/v2\/types\/post"}],"author":[{"embeddable":true,"href":"https:\/\/archive.sana.sy\/tr\/index.php?rest_route=\/wp\/v2\/users\/36"}],"replies":[{"embeddable":true,"href":"https:\/\/archive.sana.sy\/tr\/index.php?rest_route=%2Fwp%2Fv2%2Fcomments&post=233451"}],"version-history":[{"count":0,"href":"https:\/\/archive.sana.sy\/tr\/index.php?rest_route=\/wp\/v2\/posts\/233451\/revisions"}],"wp:featuredmedia":[{"embeddable":true,"href":"https:\/\/archive.sana.sy\/tr\/index.php?rest_route=\/wp\/v2\/media\/233452"}],"wp:attachment":[{"href":"https:\/\/archive.sana.sy\/tr\/index.php?rest_route=%2Fwp%2Fv2%2Fmedia&parent=233451"}],"wp:term":[{"taxonomy":"category","embeddable":true,"href":"https:\/\/archive.sana.sy\/tr\/index.php?rest_route=%2Fwp%2Fv2%2Fcategories&post=233451"},{"taxonomy":"post_tag","embeddable":true,"href":"https:\/\/archive.sana.sy\/tr\/index.php?rest_route=%2Fwp%2Fv2%2Ftags&post=233451"}],"curies":[{"name":"wp","href":"https:\/\/api.w.org\/{rel}","templated":true}]}}